{"id":1153,"date":"2022-01-17T10:44:00","date_gmt":"2022-01-17T10:44:00","guid":{"rendered":"https:\/\/www.tvrzmladejovice.cz\/?p=1153"},"modified":"2022-09-18T17:07:20","modified_gmt":"2022-09-18T17:07:20","slug":"prohlidka-tvrze-16-1","status":"publish","type":"post","link":"https:\/\/www.tvrzmladejovice.cz\/index.php\/2022\/01\/17\/prohlidka-tvrze-16-1\/","title":{"rendered":"Prohl\u00eddka tvrze 16. 1."},"content":{"rendered":"\n<p>P\u0159i p\u0159\u00edle\u017eitosti oslav 130 let od narozen\u00ed Josefa Skupy nav\u0161t\u00edvily Strakonicko poslankyn\u011b Evropsk\u00e9ho parlamentu pan\u00ed Radka Maxov\u00e1 (ANO) spolu s poslankyn\u00ed parlamentu \u010cR pan\u00ed Pavlou Pivo\u0148ka Va\u0148kovou (STAN).<\/p>\n\n\n\n<p>D\u00e1my projevily z\u00e1jem nav\u0161t\u00edvit na\u0161i tvrz pod\u00edvat se jak\u00fdm zp\u016fsobem je tato pam\u00e1tka rekonstruov\u00e1na.<\/p>\n\n\n\n<p>Velmi r\u00e1di v\u0161echny mil\u00e9 n\u00e1v\u0161t\u011bvn\u00edky provedl nejen okolo tvrze, ale i po v\u0161ech ji\u017e p\u0159\u00edstupn\u00fdch prostor\u00e1ch Bernard, kter\u00fd jim poskytl odborn\u00fd v\u00fdklad k tvrzi sam\u00e9 i zp\u016fsobu jej\u00ed rekonstrukce.<\/p>\n\n\n","protected":false},"excerpt":{"rendered":"<p>P\u0159i p\u0159\u00edle\u017eitosti oslav 130 let od narozen\u00ed Josefa Skupy nav\u0161t\u00edvily Strakonicko poslankyn\u011b Evropsk\u00e9ho parlamentu pan\u00ed Radka Maxov\u00e1 (ANO) spolu s poslankyn\u00ed parlamentu \u010cR pan\u00ed Pavlou Pivo\u0148ka Va\u0148kovou (STAN). D\u00e1my projevily z\u00e1jem nav\u0161t\u00edvit na\u0161i tvrz pod\u00edvat se jak\u00fdm zp\u016fsobem je tato pam\u00e1tka rekonstruov\u00e1na. Velmi r\u00e1di v\u0161echny mil\u00e9 n\u00e1v\u0161t\u011bvn\u00edky provedl nejen okolo tvrze, ale i po v\u0161ech [&hellip;]<\/p>\n","protected":false},"author":2,"featured_media":1155,"comment_status":"closed","ping_status":"open","sticky":false,"template":"","format":"standard","meta":{"iawp_total_views":1,"footnotes":""},"categories":[18],"tags":[],"class_list":["post-1153","post","type-post","status-publish","format-standard","has-post-thumbnail","hentry","category-akce"],"yoast_head":"<!-- This site is optimized with the Yoast SEO plugin v27.5 - https:\/\/yoast.com\/product\/yoast-seo-wordpress\/ -->\n<title>Prohl\u00eddka tvrze 16. 1. - Mlad\u011bjovice Mansion<\/title>\n<meta name=\"description\" content=\"Tvrz nav\u0161t\u00edvily pan\u00ed poslankyn\u011b a poslechly si odborn\u00fd v\u00fdklad.\" \/>\n<meta name=\"robots\" content=\"index, follow, max-snippet:-1, max-image-preview:large, max-video-preview:-1\" \/>\n<link rel=\"canonical\" href=\"https:\/\/www.tvrzmladejovice.cz\/index.php\/2022\/01\/17\/prohlidka-tvrze-16-1\/\" \/>\n<meta property=\"og:locale\" content=\"cs_CZ\" \/>\n<meta property=\"og:type\" content=\"article\" \/>\n<meta property=\"og:title\" content=\"Prohl\u00eddka tvrze 16. 1. - Mlad\u011bjovice Mansion\" \/>\n<meta property=\"og:description\" content=\"Tvrz nav\u0161t\u00edvily pan\u00ed poslankyn\u011b a poslechly si odborn\u00fd v\u00fdklad.\" \/>\n<meta property=\"og:url\" content=\"https:\/\/www.tvrzmladejovice.cz\/index.php\/2022\/01\/17\/prohlidka-tvrze-16-1\/\" \/>\n<meta property=\"og:site_name\" content=\"Mlad\u011bjovice Mansion\" \/>\n<meta property=\"article:published_time\" content=\"2022-01-17T10:44:00+00:00\" \/>\n<meta property=\"article:modified_time\" content=\"2022-09-18T17:07:20+00:00\" \/>\n<meta property=\"og:image\" content=\"https:\/\/www.tvrzmladejovice.cz\/wp-content\/uploads\/2022\/01\/20220115153046.jpg\" \/>\n\t<meta property=\"og:image:width\" content=\"1000\" \/>\n\t<meta property=\"og:image:height\" content=\"750\" \/>\n\t<meta property=\"og:image:type\" content=\"image\/jpeg\" \/>\n<meta name=\"author\" content=\"Michal Hradeck\u00fd\" \/>\n<meta name=\"twitter:card\" content=\"summary_large_image\" \/>\n<meta name=\"twitter:label1\" content=\"Napsal(a)\" \/>\n\t<meta name=\"twitter:data1\" content=\"Michal Hradeck\u00fd\" \/>\n\t<meta name=\"twitter:label2\" content=\"Odhadovan\u00e1 doba \u010dten\u00ed\" \/>\n\t<meta name=\"twitter:data2\" content=\"1 minuta\" \/>\n<script type=\"application\/ld+json\" class=\"yoast-schema-graph\">{\"@context\":\"https:\\\/\\\/schema.org\",\"@graph\":[{\"@type\":\"Article\",\"@id\":\"https:\\\/\\\/www.tvrzmladejovice.cz\\\/index.php\\\/2022\\\/01\\\/17\\\/prohlidka-tvrze-16-1\\\/#article\",\"isPartOf\":{\"@id\":\"https:\\\/\\\/www.tvrzmladejovice.cz\\\/index.php\\\/2022\\\/01\\\/17\\\/prohlidka-tvrze-16-1\\\/\"},\"author\":{\"name\":\"Michal Hradeck\u00fd\",\"@id\":\"https:\\\/\\\/www.tvrzmladejovice.cz\\\/#\\\/schema\\\/person\\\/73ce82a51d797792f4b764f91f04660e\"},\"headline\":\"Prohl\u00eddka tvrze 16. 1.\",\"datePublished\":\"2022-01-17T10:44:00+00:00\",\"dateModified\":\"2022-09-18T17:07:20+00:00\",\"mainEntityOfPage\":{\"@id\":\"https:\\\/\\\/www.tvrzmladejovice.cz\\\/index.php\\\/2022\\\/01\\\/17\\\/prohlidka-tvrze-16-1\\\/\"},\"wordCount\":103,\"publisher\":{\"@id\":\"https:\\\/\\\/www.tvrzmladejovice.cz\\\/#organization\"},\"image\":{\"@id\":\"https:\\\/\\\/www.tvrzmladejovice.cz\\\/index.php\\\/2022\\\/01\\\/17\\\/prohlidka-tvrze-16-1\\\/#primaryimage\"},\"thumbnailUrl\":\"https:\\\/\\\/www.tvrzmladejovice.cz\\\/wp-content\\\/uploads\\\/2022\\\/01\\\/20220115153046.jpg\",\"articleSection\":[\"Akce\"],\"inLanguage\":\"cs\"},{\"@type\":\"WebPage\",\"@id\":\"https:\\\/\\\/www.tvrzmladejovice.cz\\\/index.php\\\/2022\\\/01\\\/17\\\/prohlidka-tvrze-16-1\\\/\",\"url\":\"https:\\\/\\\/www.tvrzmladejovice.cz\\\/index.php\\\/2022\\\/01\\\/17\\\/prohlidka-tvrze-16-1\\\/\",\"name\":\"Prohl\u00eddka tvrze 16. 1. - Mlad\u011bjovice Mansion\",\"isPartOf\":{\"@id\":\"https:\\\/\\\/www.tvrzmladejovice.cz\\\/#website\"},\"primaryImageOfPage\":{\"@id\":\"https:\\\/\\\/www.tvrzmladejovice.cz\\\/index.php\\\/2022\\\/01\\\/17\\\/prohlidka-tvrze-16-1\\\/#primaryimage\"},\"image\":{\"@id\":\"https:\\\/\\\/www.tvrzmladejovice.cz\\\/index.php\\\/2022\\\/01\\\/17\\\/prohlidka-tvrze-16-1\\\/#primaryimage\"},\"thumbnailUrl\":\"https:\\\/\\\/www.tvrzmladejovice.cz\\\/wp-content\\\/uploads\\\/2022\\\/01\\\/20220115153046.jpg\",\"datePublished\":\"2022-01-17T10:44:00+00:00\",\"dateModified\":\"2022-09-18T17:07:20+00:00\",\"description\":\"Tvrz nav\u0161t\u00edvily pan\u00ed poslankyn\u011b a poslechly si odborn\u00fd v\u00fdklad.\",\"breadcrumb\":{\"@id\":\"https:\\\/\\\/www.tvrzmladejovice.cz\\\/index.php\\\/2022\\\/01\\\/17\\\/prohlidka-tvrze-16-1\\\/#breadcrumb\"},\"inLanguage\":\"cs\",\"potentialAction\":[{\"@type\":\"ReadAction\",\"target\":[\"https:\\\/\\\/www.tvrzmladejovice.cz\\\/index.php\\\/2022\\\/01\\\/17\\\/prohlidka-tvrze-16-1\\\/\"]}]},{\"@type\":\"ImageObject\",\"inLanguage\":\"cs\",\"@id\":\"https:\\\/\\\/www.tvrzmladejovice.cz\\\/index.php\\\/2022\\\/01\\\/17\\\/prohlidka-tvrze-16-1\\\/#primaryimage\",\"url\":\"https:\\\/\\\/www.tvrzmladejovice.cz\\\/wp-content\\\/uploads\\\/2022\\\/01\\\/20220115153046.jpg\",\"contentUrl\":\"https:\\\/\\\/www.tvrzmladejovice.cz\\\/wp-content\\\/uploads\\\/2022\\\/01\\\/20220115153046.jpg\",\"width\":1000,\"height\":750},{\"@type\":\"BreadcrumbList\",\"@id\":\"https:\\\/\\\/www.tvrzmladejovice.cz\\\/index.php\\\/2022\\\/01\\\/17\\\/prohlidka-tvrze-16-1\\\/#breadcrumb\",\"itemListElement\":[{\"@type\":\"ListItem\",\"position\":1,\"name\":\"Dom\u016f\",\"item\":\"https:\\\/\\\/www.tvrzmladejovice.cz\\\/\"},{\"@type\":\"ListItem\",\"position\":2,\"name\":\"Prohl\u00eddka tvrze 16. 1.\"}]},{\"@type\":\"WebSite\",\"@id\":\"https:\\\/\\\/www.tvrzmladejovice.cz\\\/#website\",\"url\":\"https:\\\/\\\/www.tvrzmladejovice.cz\\\/\",\"name\":\"Mlad\u011bjovice Mansion\",\"description\":\"Historie a sou\u010dasnost pozdn\u011b gotick\u00e9ho s\u00eddla\",\"publisher\":{\"@id\":\"https:\\\/\\\/www.tvrzmladejovice.cz\\\/#organization\"},\"potentialAction\":[{\"@type\":\"SearchAction\",\"target\":{\"@type\":\"EntryPoint\",\"urlTemplate\":\"https:\\\/\\\/www.tvrzmladejovice.cz\\\/?s={search_term_string}\"},\"query-input\":{\"@type\":\"PropertyValueSpecification\",\"valueRequired\":true,\"valueName\":\"search_term_string\"}}],\"inLanguage\":\"cs\"},{\"@type\":\"Organization\",\"@id\":\"https:\\\/\\\/www.tvrzmladejovice.cz\\\/#organization\",\"name\":\"Mlad\u011bjovice Mansion\",\"url\":\"https:\\\/\\\/www.tvrzmladejovice.cz\\\/\",\"logo\":{\"@type\":\"ImageObject\",\"inLanguage\":\"cs\",\"@id\":\"https:\\\/\\\/www.tvrzmladejovice.cz\\\/#\\\/schema\\\/logo\\\/image\\\/\",\"url\":\"https:\\\/\\\/www.tvrzmladejovice.cz\\\/wp-content\\\/uploads\\\/2023\\\/04\\\/znak_barva.png\",\"contentUrl\":\"https:\\\/\\\/www.tvrzmladejovice.cz\\\/wp-content\\\/uploads\\\/2023\\\/04\\\/znak_barva.png\",\"width\":1257,\"height\":1635,\"caption\":\"Mlad\u011bjovice Mansion\"},\"image\":{\"@id\":\"https:\\\/\\\/www.tvrzmladejovice.cz\\\/#\\\/schema\\\/logo\\\/image\\\/\"}},{\"@type\":\"Person\",\"@id\":\"https:\\\/\\\/www.tvrzmladejovice.cz\\\/#\\\/schema\\\/person\\\/73ce82a51d797792f4b764f91f04660e\",\"name\":\"Michal Hradeck\u00fd\",\"image\":{\"@type\":\"ImageObject\",\"inLanguage\":\"cs\",\"@id\":\"https:\\\/\\\/secure.gravatar.com\\\/avatar\\\/94aedd169f1db9420f2c3f06c0b78fa03472dea2260a5bb9092c466dc8418b83?s=96&d=mm&r=g\",\"url\":\"https:\\\/\\\/secure.gravatar.com\\\/avatar\\\/94aedd169f1db9420f2c3f06c0b78fa03472dea2260a5bb9092c466dc8418b83?s=96&d=mm&r=g\",\"contentUrl\":\"https:\\\/\\\/secure.gravatar.com\\\/avatar\\\/94aedd169f1db9420f2c3f06c0b78fa03472dea2260a5bb9092c466dc8418b83?s=96&d=mm&r=g\",\"caption\":\"Michal Hradeck\u00fd\"},\"url\":\"https:\\\/\\\/www.tvrzmladejovice.cz\\\/index.php\\\/author\\\/misak\\\/\"}]}<\/script>\n<!-- \/ Yoast SEO plugin. -->","yoast_head_json":{"title":"Prohl\u00eddka tvrze 16. 1. - Mlad\u011bjovice Mansion","description":"Tvrz nav\u0161t\u00edvily pan\u00ed poslankyn\u011b a poslechly si odborn\u00fd v\u00fdklad.","robots":{"index":"index","follow":"follow","max-snippet":"max-snippet:-1","max-image-preview":"max-image-preview:large","max-video-preview":"max-video-preview:-1"},"canonical":"https:\/\/www.tvrzmladejovice.cz\/index.php\/2022\/01\/17\/prohlidka-tvrze-16-1\/","og_locale":"cs_CZ","og_type":"article","og_title":"Prohl\u00eddka tvrze 16. 1. - Mlad\u011bjovice Mansion","og_description":"Tvrz nav\u0161t\u00edvily pan\u00ed poslankyn\u011b a poslechly si odborn\u00fd v\u00fdklad.","og_url":"https:\/\/www.tvrzmladejovice.cz\/index.php\/2022\/01\/17\/prohlidka-tvrze-16-1\/","og_site_name":"Mlad\u011bjovice Mansion","article_published_time":"2022-01-17T10:44:00+00:00","article_modified_time":"2022-09-18T17:07:20+00:00","og_image":[{"width":1000,"height":750,"url":"https:\/\/www.tvrzmladejovice.cz\/wp-content\/uploads\/2022\/01\/20220115153046.jpg","type":"image\/jpeg"}],"author":"Michal Hradeck\u00fd","twitter_card":"summary_large_image","twitter_misc":{"Napsal(a)":"Michal Hradeck\u00fd","Odhadovan\u00e1 doba \u010dten\u00ed":"1 minuta"},"schema":{"@context":"https:\/\/schema.org","@graph":[{"@type":"Article","@id":"https:\/\/www.tvrzmladejovice.cz\/index.php\/2022\/01\/17\/prohlidka-tvrze-16-1\/#article","isPartOf":{"@id":"https:\/\/www.tvrzmladejovice.cz\/index.php\/2022\/01\/17\/prohlidka-tvrze-16-1\/"},"author":{"name":"Michal Hradeck\u00fd","@id":"https:\/\/www.tvrzmladejovice.cz\/#\/schema\/person\/73ce82a51d797792f4b764f91f04660e"},"headline":"Prohl\u00eddka tvrze 16. 1.","datePublished":"2022-01-17T10:44:00+00:00","dateModified":"2022-09-18T17:07:20+00:00","mainEntityOfPage":{"@id":"https:\/\/www.tvrzmladejovice.cz\/index.php\/2022\/01\/17\/prohlidka-tvrze-16-1\/"},"wordCount":103,"publisher":{"@id":"https:\/\/www.tvrzmladejovice.cz\/#organization"},"image":{"@id":"https:\/\/www.tvrzmladejovice.cz\/index.php\/2022\/01\/17\/prohlidka-tvrze-16-1\/#primaryimage"},"thumbnailUrl":"https:\/\/www.tvrzmladejovice.cz\/wp-content\/uploads\/2022\/01\/20220115153046.jpg","articleSection":["Akce"],"inLanguage":"cs"},{"@type":"WebPage","@id":"https:\/\/www.tvrzmladejovice.cz\/index.php\/2022\/01\/17\/prohlidka-tvrze-16-1\/","url":"https:\/\/www.tvrzmladejovice.cz\/index.php\/2022\/01\/17\/prohlidka-tvrze-16-1\/","name":"Prohl\u00eddka tvrze 16. 1. - Mlad\u011bjovice Mansion","isPartOf":{"@id":"https:\/\/www.tvrzmladejovice.cz\/#website"},"primaryImageOfPage":{"@id":"https:\/\/www.tvrzmladejovice.cz\/index.php\/2022\/01\/17\/prohlidka-tvrze-16-1\/#primaryimage"},"image":{"@id":"https:\/\/www.tvrzmladejovice.cz\/index.php\/2022\/01\/17\/prohlidka-tvrze-16-1\/#primaryimage"},"thumbnailUrl":"https:\/\/www.tvrzmladejovice.cz\/wp-content\/uploads\/2022\/01\/20220115153046.jpg","datePublished":"2022-01-17T10:44:00+00:00","dateModified":"2022-09-18T17:07:20+00:00","description":"Tvrz nav\u0161t\u00edvily pan\u00ed poslankyn\u011b a poslechly si odborn\u00fd v\u00fdklad.","breadcrumb":{"@id":"https:\/\/www.tvrzmladejovice.cz\/index.php\/2022\/01\/17\/prohlidka-tvrze-16-1\/#breadcrumb"},"inLanguage":"cs","potentialAction":[{"@type":"ReadAction","target":["https:\/\/www.tvrzmladejovice.cz\/index.php\/2022\/01\/17\/prohlidka-tvrze-16-1\/"]}]},{"@type":"ImageObject","inLanguage":"cs","@id":"https:\/\/www.tvrzmladejovice.cz\/index.php\/2022\/01\/17\/prohlidka-tvrze-16-1\/#primaryimage","url":"https:\/\/www.tvrzmladejovice.cz\/wp-content\/uploads\/2022\/01\/20220115153046.jpg","contentUrl":"https:\/\/www.tvrzmladejovice.cz\/wp-content\/uploads\/2022\/01\/20220115153046.jpg","width":1000,"height":750},{"@type":"BreadcrumbList","@id":"https:\/\/www.tvrzmladejovice.cz\/index.php\/2022\/01\/17\/prohlidka-tvrze-16-1\/#breadcrumb","itemListElement":[{"@type":"ListItem","position":1,"name":"Dom\u016f","item":"https:\/\/www.tvrzmladejovice.cz\/"},{"@type":"ListItem","position":2,"name":"Prohl\u00eddka tvrze 16. 1."}]},{"@type":"WebSite","@id":"https:\/\/www.tvrzmladejovice.cz\/#website","url":"https:\/\/www.tvrzmladejovice.cz\/","name":"Mlad\u011bjovice Mansion","description":"Historie a sou\u010dasnost pozdn\u011b gotick\u00e9ho s\u00eddla","publisher":{"@id":"https:\/\/www.tvrzmladejovice.cz\/#organization"},"potentialAction":[{"@type":"SearchAction","target":{"@type":"EntryPoint","urlTemplate":"https:\/\/www.tvrzmladejovice.cz\/?s={search_term_string}"},"query-input":{"@type":"PropertyValueSpecification","valueRequired":true,"valueName":"search_term_string"}}],"inLanguage":"cs"},{"@type":"Organization","@id":"https:\/\/www.tvrzmladejovice.cz\/#organization","name":"Mlad\u011bjovice Mansion","url":"https:\/\/www.tvrzmladejovice.cz\/","logo":{"@type":"ImageObject","inLanguage":"cs","@id":"https:\/\/www.tvrzmladejovice.cz\/#\/schema\/logo\/image\/","url":"https:\/\/www.tvrzmladejovice.cz\/wp-content\/uploads\/2023\/04\/znak_barva.png","contentUrl":"https:\/\/www.tvrzmladejovice.cz\/wp-content\/uploads\/2023\/04\/znak_barva.png","width":1257,"height":1635,"caption":"Mlad\u011bjovice Mansion"},"image":{"@id":"https:\/\/www.tvrzmladejovice.cz\/#\/schema\/logo\/image\/"}},{"@type":"Person","@id":"https:\/\/www.tvrzmladejovice.cz\/#\/schema\/person\/73ce82a51d797792f4b764f91f04660e","name":"Michal Hradeck\u00fd","image":{"@type":"ImageObject","inLanguage":"cs","@id":"https:\/\/secure.gravatar.com\/avatar\/94aedd169f1db9420f2c3f06c0b78fa03472dea2260a5bb9092c466dc8418b83?s=96&d=mm&r=g","url":"https:\/\/secure.gravatar.com\/avatar\/94aedd169f1db9420f2c3f06c0b78fa03472dea2260a5bb9092c466dc8418b83?s=96&d=mm&r=g","contentUrl":"https:\/\/secure.gravatar.com\/avatar\/94aedd169f1db9420f2c3f06c0b78fa03472dea2260a5bb9092c466dc8418b83?s=96&d=mm&r=g","caption":"Michal Hradeck\u00fd"},"url":"https:\/\/www.tvrzmladejovice.cz\/index.php\/author\/misak\/"}]}},"_links":{"self":[{"href":"https:\/\/www.tvrzmladejovice.cz\/index.php\/wp-json\/wp\/v2\/posts\/1153","targetHints":{"allow":["GET"]}}],"collection":[{"href":"https:\/\/www.tvrzmladejovice.cz\/index.php\/wp-json\/wp\/v2\/posts"}],"about":[{"href":"https:\/\/www.tvrzmladejovice.cz\/index.php\/wp-json\/wp\/v2\/types\/post"}],"author":[{"embeddable":true,"href":"https:\/\/www.tvrzmladejovice.cz\/index.php\/wp-json\/wp\/v2\/users\/2"}],"replies":[{"embeddable":true,"href":"https:\/\/www.tvrzmladejovice.cz\/index.php\/wp-json\/wp\/v2\/comments?post=1153"}],"version-history":[{"count":0,"href":"https:\/\/www.tvrzmladejovice.cz\/index.php\/wp-json\/wp\/v2\/posts\/1153\/revisions"}],"wp:featuredmedia":[{"embeddable":true,"href":"https:\/\/www.tvrzmladejovice.cz\/index.php\/wp-json\/wp\/v2\/media\/1155"}],"wp:attachment":[{"href":"https:\/\/www.tvrzmladejovice.cz\/index.php\/wp-json\/wp\/v2\/media?parent=1153"}],"wp:term":[{"taxonomy":"category","embeddable":true,"href":"https:\/\/www.tvrzmladejovice.cz\/index.php\/wp-json\/wp\/v2\/categories?post=1153"},{"taxonomy":"post_tag","embeddable":true,"href":"https:\/\/www.tvrzmladejovice.cz\/index.php\/wp-json\/wp\/v2\/tags?post=1153"}],"curies":[{"name":"wp","href":"https:\/\/api.w.org\/{rel}","templated":true}]}}