{"id":1161,"date":"2022-07-19T12:20:25","date_gmt":"2022-07-19T12:20:25","guid":{"rendered":"https:\/\/www.tvrzmladejovice.cz\/?p=1161"},"modified":"2022-07-19T12:34:12","modified_gmt":"2022-07-19T12:34:12","slug":"letem-svetem-aktualnimi-pracemi-zacatku-leta","status":"publish","type":"post","link":"https:\/\/www.tvrzmladejovice.cz\/index.php\/2022\/07\/19\/letem-svetem-aktualnimi-pracemi-zacatku-leta\/","title":{"rendered":"Letem sv\u011btem aktu\u00e1ln\u00edmi pracemi za\u010d\u00e1tku l\u00e9ta"},"content":{"rendered":"\n<p>Ani s po\u010d\u00e1tkem l\u00e9ta n\u00e1m neza\u010daly pr\u00e1zdniny. P\u011bstujeme zeleninu, chov\u00e1me v\u010delky a slepice a st\u00e1le budujeme.<\/p>\n\n\n\n<p>Proto\u017ee budov\u00e1n\u00ed a rekonstrukce jsou s na\u0161\u00ed tvrz\u00ed spjat\u00e9 a nikoho ji\u017e nep\u0159ekvap\u00ed, mal\u00e1 ochutn\u00e1vka toho, co se aktu\u00e1ln\u011b p\u0159ipravuje mimo pr\u00e1ce na hlavn\u00ed budov\u011b:<\/p>\n\n\n\n<p>Letn\u00ed sprchy a WC<\/p>\n\n\n\n\n\n<p>Ko\u0159enov\u00e1 \u010disti\u010dka<\/p>\n\n\n\n\n\n<p>\u010cist\u00edme kan\u00e1lek v gotick\u00fdch sklep\u00edch <\/p>\n\n\n","protected":false},"excerpt":{"rendered":"<p>Ani s po\u010d\u00e1tkem l\u00e9ta n\u00e1m neza\u010daly pr\u00e1zdniny. P\u011bstujeme zeleninu, chov\u00e1me v\u010delky a slepice a st\u00e1le budujeme. Proto\u017ee budov\u00e1n\u00ed a rekonstrukce jsou s na\u0161\u00ed tvrz\u00ed spjat\u00e9 a nikoho ji\u017e nep\u0159ekvap\u00ed, mal\u00e1 ochutn\u00e1vka toho, co se aktu\u00e1ln\u011b p\u0159ipravuje mimo pr\u00e1ce na hlavn\u00ed budov\u011b: Letn\u00ed sprchy a WC Ko\u0159enov\u00e1 \u010disti\u010dka \u010cist\u00edme kan\u00e1lek v gotick\u00fdch sklep\u00edch<\/p>\n","protected":false},"author":2,"featured_media":1162,"comment_status":"closed","ping_status":"open","sticky":false,"template":"","format":"standard","meta":{"iawp_total_views":1,"footnotes":""},"categories":[66],"tags":[],"class_list":["post-1161","post","type-post","status-publish","format-standard","has-post-thumbnail","hentry","category-aktuality-cs"],"yoast_head":"<!-- This site is optimized with the Yoast SEO plugin v27.5 - https:\/\/yoast.com\/product\/yoast-seo-wordpress\/ -->\n<title>Letem sv\u011btem aktu\u00e1ln\u00edmi pracemi za\u010d\u00e1tku l\u00e9ta - Mlad\u011bjovice Mansion<\/title>\n<meta name=\"robots\" content=\"index, follow, max-snippet:-1, max-image-preview:large, max-video-preview:-1\" \/>\n<link rel=\"canonical\" href=\"https:\/\/www.tvrzmladejovice.cz\/index.php\/2022\/07\/19\/letem-svetem-aktualnimi-pracemi-zacatku-leta\/\" \/>\n<meta property=\"og:locale\" content=\"cs_CZ\" \/>\n<meta property=\"og:type\" content=\"article\" \/>\n<meta property=\"og:title\" content=\"Letem sv\u011btem aktu\u00e1ln\u00edmi pracemi za\u010d\u00e1tku l\u00e9ta - Mlad\u011bjovice Mansion\" \/>\n<meta property=\"og:description\" content=\"Ani s po\u010d\u00e1tkem l\u00e9ta n\u00e1m neza\u010daly pr\u00e1zdniny. P\u011bstujeme zeleninu, chov\u00e1me v\u010delky a slepice a st\u00e1le budujeme. Proto\u017ee budov\u00e1n\u00ed a rekonstrukce jsou s na\u0161\u00ed tvrz\u00ed spjat\u00e9 a nikoho ji\u017e nep\u0159ekvap\u00ed, mal\u00e1 ochutn\u00e1vka toho, co se aktu\u00e1ln\u011b p\u0159ipravuje mimo pr\u00e1ce na hlavn\u00ed budov\u011b: Letn\u00ed sprchy a WC Ko\u0159enov\u00e1 \u010disti\u010dka \u010cist\u00edme kan\u00e1lek v gotick\u00fdch sklep\u00edch\" \/>\n<meta property=\"og:url\" content=\"https:\/\/www.tvrzmladejovice.cz\/index.php\/2022\/07\/19\/letem-svetem-aktualnimi-pracemi-zacatku-leta\/\" \/>\n<meta property=\"og:site_name\" content=\"Mlad\u011bjovice Mansion\" \/>\n<meta property=\"article:published_time\" content=\"2022-07-19T12:20:25+00:00\" \/>\n<meta property=\"article:modified_time\" content=\"2022-07-19T12:34:12+00:00\" \/>\n<meta property=\"og:image\" content=\"https:\/\/www.tvrzmladejovice.cz\/wp-content\/uploads\/2022\/07\/zaprazi.jpeg\" \/>\n\t<meta property=\"og:image:width\" content=\"1599\" \/>\n\t<meta property=\"og:image:height\" content=\"899\" \/>\n\t<meta property=\"og:image:type\" content=\"image\/jpeg\" \/>\n<meta name=\"author\" content=\"Michal Hradeck\u00fd\" \/>\n<meta name=\"twitter:card\" content=\"summary_large_image\" \/>\n<meta name=\"twitter:label1\" content=\"Napsal(a)\" \/>\n\t<meta name=\"twitter:data1\" content=\"Michal Hradeck\u00fd\" \/>\n\t<meta name=\"twitter:label2\" content=\"Odhadovan\u00e1 doba \u010dten\u00ed\" \/>\n\t<meta name=\"twitter:data2\" content=\"1 minuta\" \/>\n<script type=\"application\/ld+json\" class=\"yoast-schema-graph\">{\"@context\":\"https:\\\/\\\/schema.org\",\"@graph\":[{\"@type\":\"Article\",\"@id\":\"https:\\\/\\\/www.tvrzmladejovice.cz\\\/index.php\\\/2022\\\/07\\\/19\\\/letem-svetem-aktualnimi-pracemi-zacatku-leta\\\/#article\",\"isPartOf\":{\"@id\":\"https:\\\/\\\/www.tvrzmladejovice.cz\\\/index.php\\\/2022\\\/07\\\/19\\\/letem-svetem-aktualnimi-pracemi-zacatku-leta\\\/\"},\"author\":{\"name\":\"Michal Hradeck\u00fd\",\"@id\":\"https:\\\/\\\/www.tvrzmladejovice.cz\\\/#\\\/schema\\\/person\\\/73ce82a51d797792f4b764f91f04660e\"},\"headline\":\"Letem sv\u011btem aktu\u00e1ln\u00edmi pracemi za\u010d\u00e1tku l\u00e9ta\",\"datePublished\":\"2022-07-19T12:20:25+00:00\",\"dateModified\":\"2022-07-19T12:34:12+00:00\",\"mainEntityOfPage\":{\"@id\":\"https:\\\/\\\/www.tvrzmladejovice.cz\\\/index.php\\\/2022\\\/07\\\/19\\\/letem-svetem-aktualnimi-pracemi-zacatku-leta\\\/\"},\"wordCount\":85,\"publisher\":{\"@id\":\"https:\\\/\\\/www.tvrzmladejovice.cz\\\/#organization\"},\"image\":{\"@id\":\"https:\\\/\\\/www.tvrzmladejovice.cz\\\/index.php\\\/2022\\\/07\\\/19\\\/letem-svetem-aktualnimi-pracemi-zacatku-leta\\\/#primaryimage\"},\"thumbnailUrl\":\"https:\\\/\\\/www.tvrzmladejovice.cz\\\/wp-content\\\/uploads\\\/2022\\\/07\\\/zaprazi.jpeg\",\"articleSection\":[\"Aktu\u00e1ln\u011b\"],\"inLanguage\":\"cs\"},{\"@type\":\"WebPage\",\"@id\":\"https:\\\/\\\/www.tvrzmladejovice.cz\\\/index.php\\\/2022\\\/07\\\/19\\\/letem-svetem-aktualnimi-pracemi-zacatku-leta\\\/\",\"url\":\"https:\\\/\\\/www.tvrzmladejovice.cz\\\/index.php\\\/2022\\\/07\\\/19\\\/letem-svetem-aktualnimi-pracemi-zacatku-leta\\\/\",\"name\":\"Letem sv\u011btem aktu\u00e1ln\u00edmi pracemi za\u010d\u00e1tku l\u00e9ta - Mlad\u011bjovice Mansion\",\"isPartOf\":{\"@id\":\"https:\\\/\\\/www.tvrzmladejovice.cz\\\/#website\"},\"primaryImageOfPage\":{\"@id\":\"https:\\\/\\\/www.tvrzmladejovice.cz\\\/index.php\\\/2022\\\/07\\\/19\\\/letem-svetem-aktualnimi-pracemi-zacatku-leta\\\/#primaryimage\"},\"image\":{\"@id\":\"https:\\\/\\\/www.tvrzmladejovice.cz\\\/index.php\\\/2022\\\/07\\\/19\\\/letem-svetem-aktualnimi-pracemi-zacatku-leta\\\/#primaryimage\"},\"thumbnailUrl\":\"https:\\\/\\\/www.tvrzmladejovice.cz\\\/wp-content\\\/uploads\\\/2022\\\/07\\\/zaprazi.jpeg\",\"datePublished\":\"2022-07-19T12:20:25+00:00\",\"dateModified\":\"2022-07-19T12:34:12+00:00\",\"breadcrumb\":{\"@id\":\"https:\\\/\\\/www.tvrzmladejovice.cz\\\/index.php\\\/2022\\\/07\\\/19\\\/letem-svetem-aktualnimi-pracemi-zacatku-leta\\\/#breadcrumb\"},\"inLanguage\":\"cs\",\"potentialAction\":[{\"@type\":\"ReadAction\",\"target\":[\"https:\\\/\\\/www.tvrzmladejovice.cz\\\/index.php\\\/2022\\\/07\\\/19\\\/letem-svetem-aktualnimi-pracemi-zacatku-leta\\\/\"]}]},{\"@type\":\"ImageObject\",\"inLanguage\":\"cs\",\"@id\":\"https:\\\/\\\/www.tvrzmladejovice.cz\\\/index.php\\\/2022\\\/07\\\/19\\\/letem-svetem-aktualnimi-pracemi-zacatku-leta\\\/#primaryimage\",\"url\":\"https:\\\/\\\/www.tvrzmladejovice.cz\\\/wp-content\\\/uploads\\\/2022\\\/07\\\/zaprazi.jpeg\",\"contentUrl\":\"https:\\\/\\\/www.tvrzmladejovice.cz\\\/wp-content\\\/uploads\\\/2022\\\/07\\\/zaprazi.jpeg\",\"width\":1599,\"height\":899},{\"@type\":\"BreadcrumbList\",\"@id\":\"https:\\\/\\\/www.tvrzmladejovice.cz\\\/index.php\\\/2022\\\/07\\\/19\\\/letem-svetem-aktualnimi-pracemi-zacatku-leta\\\/#breadcrumb\",\"itemListElement\":[{\"@type\":\"ListItem\",\"position\":1,\"name\":\"Dom\u016f\",\"item\":\"https:\\\/\\\/www.tvrzmladejovice.cz\\\/\"},{\"@type\":\"ListItem\",\"position\":2,\"name\":\"Letem sv\u011btem aktu\u00e1ln\u00edmi pracemi za\u010d\u00e1tku l\u00e9ta\"}]},{\"@type\":\"WebSite\",\"@id\":\"https:\\\/\\\/www.tvrzmladejovice.cz\\\/#website\",\"url\":\"https:\\\/\\\/www.tvrzmladejovice.cz\\\/\",\"name\":\"Mlad\u011bjovice Mansion\",\"description\":\"Historie a sou\u010dasnost pozdn\u011b gotick\u00e9ho s\u00eddla\",\"publisher\":{\"@id\":\"https:\\\/\\\/www.tvrzmladejovice.cz\\\/#organization\"},\"potentialAction\":[{\"@type\":\"SearchAction\",\"target\":{\"@type\":\"EntryPoint\",\"urlTemplate\":\"https:\\\/\\\/www.tvrzmladejovice.cz\\\/?s={search_term_string}\"},\"query-input\":{\"@type\":\"PropertyValueSpecification\",\"valueRequired\":true,\"valueName\":\"search_term_string\"}}],\"inLanguage\":\"cs\"},{\"@type\":\"Organization\",\"@id\":\"https:\\\/\\\/www.tvrzmladejovice.cz\\\/#organization\",\"name\":\"Mlad\u011bjovice Mansion\",\"url\":\"https:\\\/\\\/www.tvrzmladejovice.cz\\\/\",\"logo\":{\"@type\":\"ImageObject\",\"inLanguage\":\"cs\",\"@id\":\"https:\\\/\\\/www.tvrzmladejovice.cz\\\/#\\\/schema\\\/logo\\\/image\\\/\",\"url\":\"https:\\\/\\\/www.tvrzmladejovice.cz\\\/wp-content\\\/uploads\\\/2023\\\/04\\\/znak_barva.png\",\"contentUrl\":\"https:\\\/\\\/www.tvrzmladejovice.cz\\\/wp-content\\\/uploads\\\/2023\\\/04\\\/znak_barva.png\",\"width\":1257,\"height\":1635,\"caption\":\"Mlad\u011bjovice Mansion\"},\"image\":{\"@id\":\"https:\\\/\\\/www.tvrzmladejovice.cz\\\/#\\\/schema\\\/logo\\\/image\\\/\"}},{\"@type\":\"Person\",\"@id\":\"https:\\\/\\\/www.tvrzmladejovice.cz\\\/#\\\/schema\\\/person\\\/73ce82a51d797792f4b764f91f04660e\",\"name\":\"Michal Hradeck\u00fd\",\"image\":{\"@type\":\"ImageObject\",\"inLanguage\":\"cs\",\"@id\":\"https:\\\/\\\/secure.gravatar.com\\\/avatar\\\/94aedd169f1db9420f2c3f06c0b78fa03472dea2260a5bb9092c466dc8418b83?s=96&d=mm&r=g\",\"url\":\"https:\\\/\\\/secure.gravatar.com\\\/avatar\\\/94aedd169f1db9420f2c3f06c0b78fa03472dea2260a5bb9092c466dc8418b83?s=96&d=mm&r=g\",\"contentUrl\":\"https:\\\/\\\/secure.gravatar.com\\\/avatar\\\/94aedd169f1db9420f2c3f06c0b78fa03472dea2260a5bb9092c466dc8418b83?s=96&d=mm&r=g\",\"caption\":\"Michal Hradeck\u00fd\"},\"url\":\"https:\\\/\\\/www.tvrzmladejovice.cz\\\/index.php\\\/author\\\/misak\\\/\"}]}<\/script>\n<!-- \/ Yoast SEO plugin. -->","yoast_head_json":{"title":"Letem sv\u011btem aktu\u00e1ln\u00edmi pracemi za\u010d\u00e1tku l\u00e9ta - Mlad\u011bjovice Mansion","robots":{"index":"index","follow":"follow","max-snippet":"max-snippet:-1","max-image-preview":"max-image-preview:large","max-video-preview":"max-video-preview:-1"},"canonical":"https:\/\/www.tvrzmladejovice.cz\/index.php\/2022\/07\/19\/letem-svetem-aktualnimi-pracemi-zacatku-leta\/","og_locale":"cs_CZ","og_type":"article","og_title":"Letem sv\u011btem aktu\u00e1ln\u00edmi pracemi za\u010d\u00e1tku l\u00e9ta - Mlad\u011bjovice Mansion","og_description":"Ani s po\u010d\u00e1tkem l\u00e9ta n\u00e1m neza\u010daly pr\u00e1zdniny. P\u011bstujeme zeleninu, chov\u00e1me v\u010delky a slepice a st\u00e1le budujeme. Proto\u017ee budov\u00e1n\u00ed a rekonstrukce jsou s na\u0161\u00ed tvrz\u00ed spjat\u00e9 a nikoho ji\u017e nep\u0159ekvap\u00ed, mal\u00e1 ochutn\u00e1vka toho, co se aktu\u00e1ln\u011b p\u0159ipravuje mimo pr\u00e1ce na hlavn\u00ed budov\u011b: Letn\u00ed sprchy a WC Ko\u0159enov\u00e1 \u010disti\u010dka \u010cist\u00edme kan\u00e1lek v gotick\u00fdch sklep\u00edch","og_url":"https:\/\/www.tvrzmladejovice.cz\/index.php\/2022\/07\/19\/letem-svetem-aktualnimi-pracemi-zacatku-leta\/","og_site_name":"Mlad\u011bjovice Mansion","article_published_time":"2022-07-19T12:20:25+00:00","article_modified_time":"2022-07-19T12:34:12+00:00","og_image":[{"width":1599,"height":899,"url":"https:\/\/www.tvrzmladejovice.cz\/wp-content\/uploads\/2022\/07\/zaprazi.jpeg","type":"image\/jpeg"}],"author":"Michal Hradeck\u00fd","twitter_card":"summary_large_image","twitter_misc":{"Napsal(a)":"Michal Hradeck\u00fd","Odhadovan\u00e1 doba \u010dten\u00ed":"1 minuta"},"schema":{"@context":"https:\/\/schema.org","@graph":[{"@type":"Article","@id":"https:\/\/www.tvrzmladejovice.cz\/index.php\/2022\/07\/19\/letem-svetem-aktualnimi-pracemi-zacatku-leta\/#article","isPartOf":{"@id":"https:\/\/www.tvrzmladejovice.cz\/index.php\/2022\/07\/19\/letem-svetem-aktualnimi-pracemi-zacatku-leta\/"},"author":{"name":"Michal Hradeck\u00fd","@id":"https:\/\/www.tvrzmladejovice.cz\/#\/schema\/person\/73ce82a51d797792f4b764f91f04660e"},"headline":"Letem sv\u011btem aktu\u00e1ln\u00edmi pracemi za\u010d\u00e1tku l\u00e9ta","datePublished":"2022-07-19T12:20:25+00:00","dateModified":"2022-07-19T12:34:12+00:00","mainEntityOfPage":{"@id":"https:\/\/www.tvrzmladejovice.cz\/index.php\/2022\/07\/19\/letem-svetem-aktualnimi-pracemi-zacatku-leta\/"},"wordCount":85,"publisher":{"@id":"https:\/\/www.tvrzmladejovice.cz\/#organization"},"image":{"@id":"https:\/\/www.tvrzmladejovice.cz\/index.php\/2022\/07\/19\/letem-svetem-aktualnimi-pracemi-zacatku-leta\/#primaryimage"},"thumbnailUrl":"https:\/\/www.tvrzmladejovice.cz\/wp-content\/uploads\/2022\/07\/zaprazi.jpeg","articleSection":["Aktu\u00e1ln\u011b"],"inLanguage":"cs"},{"@type":"WebPage","@id":"https:\/\/www.tvrzmladejovice.cz\/index.php\/2022\/07\/19\/letem-svetem-aktualnimi-pracemi-zacatku-leta\/","url":"https:\/\/www.tvrzmladejovice.cz\/index.php\/2022\/07\/19\/letem-svetem-aktualnimi-pracemi-zacatku-leta\/","name":"Letem sv\u011btem aktu\u00e1ln\u00edmi pracemi za\u010d\u00e1tku l\u00e9ta - Mlad\u011bjovice Mansion","isPartOf":{"@id":"https:\/\/www.tvrzmladejovice.cz\/#website"},"primaryImageOfPage":{"@id":"https:\/\/www.tvrzmladejovice.cz\/index.php\/2022\/07\/19\/letem-svetem-aktualnimi-pracemi-zacatku-leta\/#primaryimage"},"image":{"@id":"https:\/\/www.tvrzmladejovice.cz\/index.php\/2022\/07\/19\/letem-svetem-aktualnimi-pracemi-zacatku-leta\/#primaryimage"},"thumbnailUrl":"https:\/\/www.tvrzmladejovice.cz\/wp-content\/uploads\/2022\/07\/zaprazi.jpeg","datePublished":"2022-07-19T12:20:25+00:00","dateModified":"2022-07-19T12:34:12+00:00","breadcrumb":{"@id":"https:\/\/www.tvrzmladejovice.cz\/index.php\/2022\/07\/19\/letem-svetem-aktualnimi-pracemi-zacatku-leta\/#breadcrumb"},"inLanguage":"cs","potentialAction":[{"@type":"ReadAction","target":["https:\/\/www.tvrzmladejovice.cz\/index.php\/2022\/07\/19\/letem-svetem-aktualnimi-pracemi-zacatku-leta\/"]}]},{"@type":"ImageObject","inLanguage":"cs","@id":"https:\/\/www.tvrzmladejovice.cz\/index.php\/2022\/07\/19\/letem-svetem-aktualnimi-pracemi-zacatku-leta\/#primaryimage","url":"https:\/\/www.tvrzmladejovice.cz\/wp-content\/uploads\/2022\/07\/zaprazi.jpeg","contentUrl":"https:\/\/www.tvrzmladejovice.cz\/wp-content\/uploads\/2022\/07\/zaprazi.jpeg","width":1599,"height":899},{"@type":"BreadcrumbList","@id":"https:\/\/www.tvrzmladejovice.cz\/index.php\/2022\/07\/19\/letem-svetem-aktualnimi-pracemi-zacatku-leta\/#breadcrumb","itemListElement":[{"@type":"ListItem","position":1,"name":"Dom\u016f","item":"https:\/\/www.tvrzmladejovice.cz\/"},{"@type":"ListItem","position":2,"name":"Letem sv\u011btem aktu\u00e1ln\u00edmi pracemi za\u010d\u00e1tku l\u00e9ta"}]},{"@type":"WebSite","@id":"https:\/\/www.tvrzmladejovice.cz\/#website","url":"https:\/\/www.tvrzmladejovice.cz\/","name":"Mlad\u011bjovice Mansion","description":"Historie a sou\u010dasnost pozdn\u011b gotick\u00e9ho s\u00eddla","publisher":{"@id":"https:\/\/www.tvrzmladejovice.cz\/#organization"},"potentialAction":[{"@type":"SearchAction","target":{"@type":"EntryPoint","urlTemplate":"https:\/\/www.tvrzmladejovice.cz\/?s={search_term_string}"},"query-input":{"@type":"PropertyValueSpecification","valueRequired":true,"valueName":"search_term_string"}}],"inLanguage":"cs"},{"@type":"Organization","@id":"https:\/\/www.tvrzmladejovice.cz\/#organization","name":"Mlad\u011bjovice Mansion","url":"https:\/\/www.tvrzmladejovice.cz\/","logo":{"@type":"ImageObject","inLanguage":"cs","@id":"https:\/\/www.tvrzmladejovice.cz\/#\/schema\/logo\/image\/","url":"https:\/\/www.tvrzmladejovice.cz\/wp-content\/uploads\/2023\/04\/znak_barva.png","contentUrl":"https:\/\/www.tvrzmladejovice.cz\/wp-content\/uploads\/2023\/04\/znak_barva.png","width":1257,"height":1635,"caption":"Mlad\u011bjovice Mansion"},"image":{"@id":"https:\/\/www.tvrzmladejovice.cz\/#\/schema\/logo\/image\/"}},{"@type":"Person","@id":"https:\/\/www.tvrzmladejovice.cz\/#\/schema\/person\/73ce82a51d797792f4b764f91f04660e","name":"Michal Hradeck\u00fd","image":{"@type":"ImageObject","inLanguage":"cs","@id":"https:\/\/secure.gravatar.com\/avatar\/94aedd169f1db9420f2c3f06c0b78fa03472dea2260a5bb9092c466dc8418b83?s=96&d=mm&r=g","url":"https:\/\/secure.gravatar.com\/avatar\/94aedd169f1db9420f2c3f06c0b78fa03472dea2260a5bb9092c466dc8418b83?s=96&d=mm&r=g","contentUrl":"https:\/\/secure.gravatar.com\/avatar\/94aedd169f1db9420f2c3f06c0b78fa03472dea2260a5bb9092c466dc8418b83?s=96&d=mm&r=g","caption":"Michal Hradeck\u00fd"},"url":"https:\/\/www.tvrzmladejovice.cz\/index.php\/author\/misak\/"}]}},"_links":{"self":[{"href":"https:\/\/www.tvrzmladejovice.cz\/index.php\/wp-json\/wp\/v2\/posts\/1161","targetHints":{"allow":["GET"]}}],"collection":[{"href":"https:\/\/www.tvrzmladejovice.cz\/index.php\/wp-json\/wp\/v2\/posts"}],"about":[{"href":"https:\/\/www.tvrzmladejovice.cz\/index.php\/wp-json\/wp\/v2\/types\/post"}],"author":[{"embeddable":true,"href":"https:\/\/www.tvrzmladejovice.cz\/index.php\/wp-json\/wp\/v2\/users\/2"}],"replies":[{"embeddable":true,"href":"https:\/\/www.tvrzmladejovice.cz\/index.php\/wp-json\/wp\/v2\/comments?post=1161"}],"version-history":[{"count":0,"href":"https:\/\/www.tvrzmladejovice.cz\/index.php\/wp-json\/wp\/v2\/posts\/1161\/revisions"}],"wp:featuredmedia":[{"embeddable":true,"href":"https:\/\/www.tvrzmladejovice.cz\/index.php\/wp-json\/wp\/v2\/media\/1162"}],"wp:attachment":[{"href":"https:\/\/www.tvrzmladejovice.cz\/index.php\/wp-json\/wp\/v2\/media?parent=1161"}],"wp:term":[{"taxonomy":"category","embeddable":true,"href":"https:\/\/www.tvrzmladejovice.cz\/index.php\/wp-json\/wp\/v2\/categories?post=1161"},{"taxonomy":"post_tag","embeddable":true,"href":"https:\/\/www.tvrzmladejovice.cz\/index.php\/wp-json\/wp\/v2\/tags?post=1161"}],"curies":[{"name":"wp","href":"https:\/\/api.w.org\/{rel}","templated":true}]}}