{"id":1173,"date":"2022-07-23T12:43:00","date_gmt":"2022-07-23T12:43:00","guid":{"rendered":"https:\/\/www.tvrzmladejovice.cz\/?p=1173"},"modified":"2022-07-20T12:56:24","modified_gmt":"2022-07-20T12:56:24","slug":"kdo-postel-ma-bydli","status":"publish","type":"post","link":"https:\/\/www.tvrzmladejovice.cz\/index.php\/2022\/07\/23\/kdo-postel-ma-bydli\/","title":{"rendered":"Kdo postel m\u00e1, bydl\u00ed&#8230;"},"content":{"rendered":"\n<p>Samoz\u0159ejm\u011b v\u00edme, \u017ee text p\u00edsn\u011b hovo\u0159\u00ed o tom, \u017ee kdo \u017eidli m\u00e1, bydl\u00ed, ale&#8230;<\/p>\n\n\n\n<p>Ale mysl\u00edme to velmi v\u00e1\u017en\u011b s mo\u017enostmi ubytov\u00e1n\u00ed na tvrzi p\u0159i semin\u00e1\u0159\u00edch, kurzech apod. chyst\u00e1me nyn\u00ed postele v po\u010dtu 24 kus\u016f<\/p>\n\n\n\n<figure class=\"wp-block-gallery alignwide has-nested-images columns-default is-cropped wp-block-gallery-1 is-layout-flex wp-block-gallery-is-layout-flex\">\n<figure class=\"wp-block-image size-large\"><img fetchpriority=\"high\" decoding=\"async\" width=\"1024\" height=\"576\" data-id=\"1176\" src=\"https:\/\/www.tvrzmladejovice.cz\/wp-content\/uploads\/2022\/07\/postik-1024x576.jpeg\" alt=\"\" class=\"wp-image-1176\" srcset=\"https:\/\/www.tvrzmladejovice.cz\/wp-content\/uploads\/2022\/07\/postik-1024x576.jpeg 1024w, https:\/\/www.tvrzmladejovice.cz\/wp-content\/uploads\/2022\/07\/postik-300x169.jpeg 300w, https:\/\/www.tvrzmladejovice.cz\/wp-content\/uploads\/2022\/07\/postik-768x432.jpeg 768w, https:\/\/www.tvrzmladejovice.cz\/wp-content\/uploads\/2022\/07\/postik-420x236.jpeg 420w, https:\/\/www.tvrzmladejovice.cz\/wp-content\/uploads\/2022\/07\/postik-1536x864.jpeg 1536w, https:\/\/www.tvrzmladejovice.cz\/wp-content\/uploads\/2022\/07\/postik-500x281.jpeg 500w, https:\/\/www.tvrzmladejovice.cz\/wp-content\/uploads\/2022\/07\/postik-800x450.jpeg 800w, https:\/\/www.tvrzmladejovice.cz\/wp-content\/uploads\/2022\/07\/postik-1280x720.jpeg 1280w, https:\/\/www.tvrzmladejovice.cz\/wp-content\/uploads\/2022\/07\/postik-140x79.jpeg 140w, https:\/\/www.tvrzmladejovice.cz\/wp-content\/uploads\/2022\/07\/postik.jpeg 1599w\" sizes=\"(max-width: 1024px) 100vw, 1024px\" \/><\/figure>\n\n\n\n<figure class=\"wp-block-image size-large\"><img decoding=\"async\" width=\"1024\" height=\"576\" data-id=\"1174\" src=\"https:\/\/www.tvrzmladejovice.cz\/wp-content\/uploads\/2022\/07\/postele-1024x576.jpeg\" alt=\"\" class=\"wp-image-1174\" srcset=\"https:\/\/www.tvrzmladejovice.cz\/wp-content\/uploads\/2022\/07\/postele-1024x576.jpeg 1024w, https:\/\/www.tvrzmladejovice.cz\/wp-content\/uploads\/2022\/07\/postele-300x169.jpeg 300w, https:\/\/www.tvrzmladejovice.cz\/wp-content\/uploads\/2022\/07\/postele-768x432.jpeg 768w, https:\/\/www.tvrzmladejovice.cz\/wp-content\/uploads\/2022\/07\/postele-420x236.jpeg 420w, https:\/\/www.tvrzmladejovice.cz\/wp-content\/uploads\/2022\/07\/postele-1536x864.jpeg 1536w, https:\/\/www.tvrzmladejovice.cz\/wp-content\/uploads\/2022\/07\/postele-500x281.jpeg 500w, https:\/\/www.tvrzmladejovice.cz\/wp-content\/uploads\/2022\/07\/postele-800x450.jpeg 800w, https:\/\/www.tvrzmladejovice.cz\/wp-content\/uploads\/2022\/07\/postele-1280x720.jpeg 1280w, https:\/\/www.tvrzmladejovice.cz\/wp-content\/uploads\/2022\/07\/postele-140x79.jpeg 140w, https:\/\/www.tvrzmladejovice.cz\/wp-content\/uploads\/2022\/07\/postele.jpeg 1599w\" sizes=\"(max-width: 1024px) 100vw, 1024px\" \/><\/figure>\n<\/figure>\n\n\n\n<p>a \u0161ijeme stany a p\u0159ipravujeme postele i do nich.<\/p>\n\n\n\n<p>Stroj mo\u017en\u00e1 na prvn\u00ed pohled nevypad\u00e1 jako z\u00e1zrak, ale n\u00e1m z\u00e1zra\u010dn\u011b p\u0159ipad\u00e1. Pro\u0161ije toti\u017e a\u017e 1 cm materi\u00e1lu (4x ko\u017eenka a 4x stanov\u00e9 pl\u00e1tno 420g).<\/p>\n\n\n\n<figure class=\"wp-block-gallery alignwide has-nested-images columns-default is-cropped wp-block-gallery-2 is-layout-flex wp-block-gallery-is-layout-flex\">\n<figure class=\"wp-block-image size-large\"><img decoding=\"async\" width=\"1024\" height=\"576\" data-id=\"1177\" src=\"https:\/\/www.tvrzmladejovice.cz\/wp-content\/uploads\/2022\/07\/stany-1024x576.jpeg\" alt=\"\" class=\"wp-image-1177\" srcset=\"https:\/\/www.tvrzmladejovice.cz\/wp-content\/uploads\/2022\/07\/stany-1024x576.jpeg 1024w, https:\/\/www.tvrzmladejovice.cz\/wp-content\/uploads\/2022\/07\/stany-300x169.jpeg 300w, https:\/\/www.tvrzmladejovice.cz\/wp-content\/uploads\/2022\/07\/stany-768x432.jpeg 768w, https:\/\/www.tvrzmladejovice.cz\/wp-content\/uploads\/2022\/07\/stany-420x236.jpeg 420w, https:\/\/www.tvrzmladejovice.cz\/wp-content\/uploads\/2022\/07\/stany-1536x864.jpeg 1536w, https:\/\/www.tvrzmladejovice.cz\/wp-content\/uploads\/2022\/07\/stany-500x281.jpeg 500w, https:\/\/www.tvrzmladejovice.cz\/wp-content\/uploads\/2022\/07\/stany-800x450.jpeg 800w, https:\/\/www.tvrzmladejovice.cz\/wp-content\/uploads\/2022\/07\/stany-1280x720.jpeg 1280w, https:\/\/www.tvrzmladejovice.cz\/wp-content\/uploads\/2022\/07\/stany-140x79.jpeg 140w, https:\/\/www.tvrzmladejovice.cz\/wp-content\/uploads\/2022\/07\/stany.jpeg 1599w\" sizes=\"(max-width: 1024px) 100vw, 1024px\" \/><\/figure>\n\n\n\n<figure class=\"wp-block-image size-large\"><img loading=\"lazy\" decoding=\"async\" width=\"1024\" height=\"576\" data-id=\"1178\" src=\"https:\/\/www.tvrzmladejovice.cz\/wp-content\/uploads\/2022\/07\/stanpos-1024x576.jpeg\" alt=\"\" class=\"wp-image-1178\" srcset=\"https:\/\/www.tvrzmladejovice.cz\/wp-content\/uploads\/2022\/07\/stanpos-1024x576.jpeg 1024w, https:\/\/www.tvrzmladejovice.cz\/wp-content\/uploads\/2022\/07\/stanpos-300x169.jpeg 300w, https:\/\/www.tvrzmladejovice.cz\/wp-content\/uploads\/2022\/07\/stanpos-768x432.jpeg 768w, https:\/\/www.tvrzmladejovice.cz\/wp-content\/uploads\/2022\/07\/stanpos-420x236.jpeg 420w, https:\/\/www.tvrzmladejovice.cz\/wp-content\/uploads\/2022\/07\/stanpos-1536x864.jpeg 1536w, https:\/\/www.tvrzmladejovice.cz\/wp-content\/uploads\/2022\/07\/stanpos-500x281.jpeg 500w, https:\/\/www.tvrzmladejovice.cz\/wp-content\/uploads\/2022\/07\/stanpos-800x450.jpeg 800w, https:\/\/www.tvrzmladejovice.cz\/wp-content\/uploads\/2022\/07\/stanpos-1280x720.jpeg 1280w, https:\/\/www.tvrzmladejovice.cz\/wp-content\/uploads\/2022\/07\/stanpos-140x79.jpeg 140w, https:\/\/www.tvrzmladejovice.cz\/wp-content\/uploads\/2022\/07\/stanpos.jpeg 1599w\" sizes=\"(max-width: 1024px) 100vw, 1024px\" \/><\/figure>\n<\/figure>\n\n\n\n<p><\/p>\n","protected":false},"excerpt":{"rendered":"<p>Samoz\u0159ejm\u011b v\u00edme, \u017ee text p\u00edsn\u011b hovo\u0159\u00ed o tom, \u017ee kdo \u017eidli m\u00e1, bydl\u00ed, ale&#8230; Ale mysl\u00edme to velmi v\u00e1\u017en\u011b s mo\u017enostmi ubytov\u00e1n\u00ed na tvrzi p\u0159i semin\u00e1\u0159\u00edch, kurzech apod. chyst\u00e1me nyn\u00ed postele v po\u010dtu 24 kus\u016f a \u0161ijeme stany a p\u0159ipravujeme postele i do nich. Stroj mo\u017en\u00e1 na prvn\u00ed pohled nevypad\u00e1 jako z\u00e1zrak, ale n\u00e1m z\u00e1zra\u010dn\u011b [&hellip;]<\/p>\n","protected":false},"author":2,"featured_media":1174,"comment_status":"closed","ping_status":"open","sticky":false,"template":"","format":"standard","meta":{"iawp_total_views":1,"footnotes":""},"categories":[66],"tags":[],"class_list":["post-1173","post","type-post","status-publish","format-standard","has-post-thumbnail","hentry","category-aktuality-cs"],"yoast_head":"<!-- This site is optimized with the Yoast SEO plugin v27.5 - https:\/\/yoast.com\/product\/yoast-seo-wordpress\/ -->\n<title>Kdo postel m\u00e1, bydl\u00ed... - Mlad\u011bjovice Mansion<\/title>\n<meta name=\"robots\" content=\"index, follow, max-snippet:-1, max-image-preview:large, max-video-preview:-1\" \/>\n<link rel=\"canonical\" href=\"https:\/\/www.tvrzmladejovice.cz\/index.php\/2022\/07\/23\/kdo-postel-ma-bydli\/\" \/>\n<meta property=\"og:locale\" content=\"cs_CZ\" \/>\n<meta property=\"og:type\" content=\"article\" \/>\n<meta property=\"og:title\" content=\"Kdo postel m\u00e1, bydl\u00ed... - Mlad\u011bjovice Mansion\" \/>\n<meta property=\"og:description\" content=\"Samoz\u0159ejm\u011b v\u00edme, \u017ee text p\u00edsn\u011b hovo\u0159\u00ed o tom, \u017ee kdo \u017eidli m\u00e1, bydl\u00ed, ale&#8230; Ale mysl\u00edme to velmi v\u00e1\u017en\u011b s mo\u017enostmi ubytov\u00e1n\u00ed na tvrzi p\u0159i semin\u00e1\u0159\u00edch, kurzech apod. chyst\u00e1me nyn\u00ed postele v po\u010dtu 24 kus\u016f a \u0161ijeme stany a p\u0159ipravujeme postele i do nich. Stroj mo\u017en\u00e1 na prvn\u00ed pohled nevypad\u00e1 jako z\u00e1zrak, ale n\u00e1m z\u00e1zra\u010dn\u011b [&hellip;]\" \/>\n<meta property=\"og:url\" content=\"https:\/\/www.tvrzmladejovice.cz\/index.php\/2022\/07\/23\/kdo-postel-ma-bydli\/\" \/>\n<meta property=\"og:site_name\" content=\"Mlad\u011bjovice Mansion\" \/>\n<meta property=\"article:published_time\" content=\"2022-07-23T12:43:00+00:00\" \/>\n<meta property=\"og:image\" content=\"https:\/\/www.tvrzmladejovice.cz\/wp-content\/uploads\/2022\/07\/postele.jpeg\" \/>\n\t<meta property=\"og:image:width\" content=\"1599\" \/>\n\t<meta property=\"og:image:height\" content=\"899\" \/>\n\t<meta property=\"og:image:type\" content=\"image\/jpeg\" \/>\n<meta name=\"author\" content=\"Michal Hradeck\u00fd\" \/>\n<meta name=\"twitter:card\" content=\"summary_large_image\" \/>\n<meta name=\"twitter:label1\" content=\"Napsal(a)\" \/>\n\t<meta name=\"twitter:data1\" content=\"Michal Hradeck\u00fd\" \/>\n<script type=\"application\/ld+json\" class=\"yoast-schema-graph\">{\"@context\":\"https:\\\/\\\/schema.org\",\"@graph\":[{\"@type\":\"Article\",\"@id\":\"https:\\\/\\\/www.tvrzmladejovice.cz\\\/index.php\\\/2022\\\/07\\\/23\\\/kdo-postel-ma-bydli\\\/#article\",\"isPartOf\":{\"@id\":\"https:\\\/\\\/www.tvrzmladejovice.cz\\\/index.php\\\/2022\\\/07\\\/23\\\/kdo-postel-ma-bydli\\\/\"},\"author\":{\"name\":\"Michal Hradeck\u00fd\",\"@id\":\"https:\\\/\\\/www.tvrzmladejovice.cz\\\/#\\\/schema\\\/person\\\/73ce82a51d797792f4b764f91f04660e\"},\"headline\":\"Kdo postel m\u00e1, bydl\u00ed&#8230;\",\"datePublished\":\"2022-07-23T12:43:00+00:00\",\"mainEntityOfPage\":{\"@id\":\"https:\\\/\\\/www.tvrzmladejovice.cz\\\/index.php\\\/2022\\\/07\\\/23\\\/kdo-postel-ma-bydli\\\/\"},\"wordCount\":93,\"publisher\":{\"@id\":\"https:\\\/\\\/www.tvrzmladejovice.cz\\\/#organization\"},\"image\":{\"@id\":\"https:\\\/\\\/www.tvrzmladejovice.cz\\\/index.php\\\/2022\\\/07\\\/23\\\/kdo-postel-ma-bydli\\\/#primaryimage\"},\"thumbnailUrl\":\"https:\\\/\\\/www.tvrzmladejovice.cz\\\/wp-content\\\/uploads\\\/2022\\\/07\\\/postele.jpeg\",\"articleSection\":[\"Aktu\u00e1ln\u011b\"],\"inLanguage\":\"cs\"},{\"@type\":\"WebPage\",\"@id\":\"https:\\\/\\\/www.tvrzmladejovice.cz\\\/index.php\\\/2022\\\/07\\\/23\\\/kdo-postel-ma-bydli\\\/\",\"url\":\"https:\\\/\\\/www.tvrzmladejovice.cz\\\/index.php\\\/2022\\\/07\\\/23\\\/kdo-postel-ma-bydli\\\/\",\"name\":\"Kdo postel m\u00e1, bydl\u00ed... - Mlad\u011bjovice Mansion\",\"isPartOf\":{\"@id\":\"https:\\\/\\\/www.tvrzmladejovice.cz\\\/#website\"},\"primaryImageOfPage\":{\"@id\":\"https:\\\/\\\/www.tvrzmladejovice.cz\\\/index.php\\\/2022\\\/07\\\/23\\\/kdo-postel-ma-bydli\\\/#primaryimage\"},\"image\":{\"@id\":\"https:\\\/\\\/www.tvrzmladejovice.cz\\\/index.php\\\/2022\\\/07\\\/23\\\/kdo-postel-ma-bydli\\\/#primaryimage\"},\"thumbnailUrl\":\"https:\\\/\\\/www.tvrzmladejovice.cz\\\/wp-content\\\/uploads\\\/2022\\\/07\\\/postele.jpeg\",\"datePublished\":\"2022-07-23T12:43:00+00:00\",\"breadcrumb\":{\"@id\":\"https:\\\/\\\/www.tvrzmladejovice.cz\\\/index.php\\\/2022\\\/07\\\/23\\\/kdo-postel-ma-bydli\\\/#breadcrumb\"},\"inLanguage\":\"cs\",\"potentialAction\":[{\"@type\":\"ReadAction\",\"target\":[\"https:\\\/\\\/www.tvrzmladejovice.cz\\\/index.php\\\/2022\\\/07\\\/23\\\/kdo-postel-ma-bydli\\\/\"]}]},{\"@type\":\"ImageObject\",\"inLanguage\":\"cs\",\"@id\":\"https:\\\/\\\/www.tvrzmladejovice.cz\\\/index.php\\\/2022\\\/07\\\/23\\\/kdo-postel-ma-bydli\\\/#primaryimage\",\"url\":\"https:\\\/\\\/www.tvrzmladejovice.cz\\\/wp-content\\\/uploads\\\/2022\\\/07\\\/postele.jpeg\",\"contentUrl\":\"https:\\\/\\\/www.tvrzmladejovice.cz\\\/wp-content\\\/uploads\\\/2022\\\/07\\\/postele.jpeg\",\"width\":1599,\"height\":899},{\"@type\":\"BreadcrumbList\",\"@id\":\"https:\\\/\\\/www.tvrzmladejovice.cz\\\/index.php\\\/2022\\\/07\\\/23\\\/kdo-postel-ma-bydli\\\/#breadcrumb\",\"itemListElement\":[{\"@type\":\"ListItem\",\"position\":1,\"name\":\"Dom\u016f\",\"item\":\"https:\\\/\\\/www.tvrzmladejovice.cz\\\/\"},{\"@type\":\"ListItem\",\"position\":2,\"name\":\"Kdo postel m\u00e1, bydl\u00ed&#8230;\"}]},{\"@type\":\"WebSite\",\"@id\":\"https:\\\/\\\/www.tvrzmladejovice.cz\\\/#website\",\"url\":\"https:\\\/\\\/www.tvrzmladejovice.cz\\\/\",\"name\":\"Mlad\u011bjovice Mansion\",\"description\":\"Historie a sou\u010dasnost pozdn\u011b gotick\u00e9ho s\u00eddla\",\"publisher\":{\"@id\":\"https:\\\/\\\/www.tvrzmladejovice.cz\\\/#organization\"},\"potentialAction\":[{\"@type\":\"SearchAction\",\"target\":{\"@type\":\"EntryPoint\",\"urlTemplate\":\"https:\\\/\\\/www.tvrzmladejovice.cz\\\/?s={search_term_string}\"},\"query-input\":{\"@type\":\"PropertyValueSpecification\",\"valueRequired\":true,\"valueName\":\"search_term_string\"}}],\"inLanguage\":\"cs\"},{\"@type\":\"Organization\",\"@id\":\"https:\\\/\\\/www.tvrzmladejovice.cz\\\/#organization\",\"name\":\"Mlad\u011bjovice Mansion\",\"url\":\"https:\\\/\\\/www.tvrzmladejovice.cz\\\/\",\"logo\":{\"@type\":\"ImageObject\",\"inLanguage\":\"cs\",\"@id\":\"https:\\\/\\\/www.tvrzmladejovice.cz\\\/#\\\/schema\\\/logo\\\/image\\\/\",\"url\":\"https:\\\/\\\/www.tvrzmladejovice.cz\\\/wp-content\\\/uploads\\\/2023\\\/04\\\/znak_barva.png\",\"contentUrl\":\"https:\\\/\\\/www.tvrzmladejovice.cz\\\/wp-content\\\/uploads\\\/2023\\\/04\\\/znak_barva.png\",\"width\":1257,\"height\":1635,\"caption\":\"Mlad\u011bjovice Mansion\"},\"image\":{\"@id\":\"https:\\\/\\\/www.tvrzmladejovice.cz\\\/#\\\/schema\\\/logo\\\/image\\\/\"}},{\"@type\":\"Person\",\"@id\":\"https:\\\/\\\/www.tvrzmladejovice.cz\\\/#\\\/schema\\\/person\\\/73ce82a51d797792f4b764f91f04660e\",\"name\":\"Michal Hradeck\u00fd\",\"image\":{\"@type\":\"ImageObject\",\"inLanguage\":\"cs\",\"@id\":\"https:\\\/\\\/secure.gravatar.com\\\/avatar\\\/94aedd169f1db9420f2c3f06c0b78fa03472dea2260a5bb9092c466dc8418b83?s=96&d=mm&r=g\",\"url\":\"https:\\\/\\\/secure.gravatar.com\\\/avatar\\\/94aedd169f1db9420f2c3f06c0b78fa03472dea2260a5bb9092c466dc8418b83?s=96&d=mm&r=g\",\"contentUrl\":\"https:\\\/\\\/secure.gravatar.com\\\/avatar\\\/94aedd169f1db9420f2c3f06c0b78fa03472dea2260a5bb9092c466dc8418b83?s=96&d=mm&r=g\",\"caption\":\"Michal Hradeck\u00fd\"},\"url\":\"https:\\\/\\\/www.tvrzmladejovice.cz\\\/index.php\\\/author\\\/misak\\\/\"}]}<\/script>\n<!-- \/ Yoast SEO plugin. -->","yoast_head_json":{"title":"Kdo postel m\u00e1, bydl\u00ed... - Mlad\u011bjovice Mansion","robots":{"index":"index","follow":"follow","max-snippet":"max-snippet:-1","max-image-preview":"max-image-preview:large","max-video-preview":"max-video-preview:-1"},"canonical":"https:\/\/www.tvrzmladejovice.cz\/index.php\/2022\/07\/23\/kdo-postel-ma-bydli\/","og_locale":"cs_CZ","og_type":"article","og_title":"Kdo postel m\u00e1, bydl\u00ed... - Mlad\u011bjovice Mansion","og_description":"Samoz\u0159ejm\u011b v\u00edme, \u017ee text p\u00edsn\u011b hovo\u0159\u00ed o tom, \u017ee kdo \u017eidli m\u00e1, bydl\u00ed, ale&#8230; Ale mysl\u00edme to velmi v\u00e1\u017en\u011b s mo\u017enostmi ubytov\u00e1n\u00ed na tvrzi p\u0159i semin\u00e1\u0159\u00edch, kurzech apod. chyst\u00e1me nyn\u00ed postele v po\u010dtu 24 kus\u016f a \u0161ijeme stany a p\u0159ipravujeme postele i do nich. Stroj mo\u017en\u00e1 na prvn\u00ed pohled nevypad\u00e1 jako z\u00e1zrak, ale n\u00e1m z\u00e1zra\u010dn\u011b [&hellip;]","og_url":"https:\/\/www.tvrzmladejovice.cz\/index.php\/2022\/07\/23\/kdo-postel-ma-bydli\/","og_site_name":"Mlad\u011bjovice Mansion","article_published_time":"2022-07-23T12:43:00+00:00","og_image":[{"width":1599,"height":899,"url":"https:\/\/www.tvrzmladejovice.cz\/wp-content\/uploads\/2022\/07\/postele.jpeg","type":"image\/jpeg"}],"author":"Michal Hradeck\u00fd","twitter_card":"summary_large_image","twitter_misc":{"Napsal(a)":"Michal Hradeck\u00fd"},"schema":{"@context":"https:\/\/schema.org","@graph":[{"@type":"Article","@id":"https:\/\/www.tvrzmladejovice.cz\/index.php\/2022\/07\/23\/kdo-postel-ma-bydli\/#article","isPartOf":{"@id":"https:\/\/www.tvrzmladejovice.cz\/index.php\/2022\/07\/23\/kdo-postel-ma-bydli\/"},"author":{"name":"Michal Hradeck\u00fd","@id":"https:\/\/www.tvrzmladejovice.cz\/#\/schema\/person\/73ce82a51d797792f4b764f91f04660e"},"headline":"Kdo postel m\u00e1, bydl\u00ed&#8230;","datePublished":"2022-07-23T12:43:00+00:00","mainEntityOfPage":{"@id":"https:\/\/www.tvrzmladejovice.cz\/index.php\/2022\/07\/23\/kdo-postel-ma-bydli\/"},"wordCount":93,"publisher":{"@id":"https:\/\/www.tvrzmladejovice.cz\/#organization"},"image":{"@id":"https:\/\/www.tvrzmladejovice.cz\/index.php\/2022\/07\/23\/kdo-postel-ma-bydli\/#primaryimage"},"thumbnailUrl":"https:\/\/www.tvrzmladejovice.cz\/wp-content\/uploads\/2022\/07\/postele.jpeg","articleSection":["Aktu\u00e1ln\u011b"],"inLanguage":"cs"},{"@type":"WebPage","@id":"https:\/\/www.tvrzmladejovice.cz\/index.php\/2022\/07\/23\/kdo-postel-ma-bydli\/","url":"https:\/\/www.tvrzmladejovice.cz\/index.php\/2022\/07\/23\/kdo-postel-ma-bydli\/","name":"Kdo postel m\u00e1, bydl\u00ed... - Mlad\u011bjovice Mansion","isPartOf":{"@id":"https:\/\/www.tvrzmladejovice.cz\/#website"},"primaryImageOfPage":{"@id":"https:\/\/www.tvrzmladejovice.cz\/index.php\/2022\/07\/23\/kdo-postel-ma-bydli\/#primaryimage"},"image":{"@id":"https:\/\/www.tvrzmladejovice.cz\/index.php\/2022\/07\/23\/kdo-postel-ma-bydli\/#primaryimage"},"thumbnailUrl":"https:\/\/www.tvrzmladejovice.cz\/wp-content\/uploads\/2022\/07\/postele.jpeg","datePublished":"2022-07-23T12:43:00+00:00","breadcrumb":{"@id":"https:\/\/www.tvrzmladejovice.cz\/index.php\/2022\/07\/23\/kdo-postel-ma-bydli\/#breadcrumb"},"inLanguage":"cs","potentialAction":[{"@type":"ReadAction","target":["https:\/\/www.tvrzmladejovice.cz\/index.php\/2022\/07\/23\/kdo-postel-ma-bydli\/"]}]},{"@type":"ImageObject","inLanguage":"cs","@id":"https:\/\/www.tvrzmladejovice.cz\/index.php\/2022\/07\/23\/kdo-postel-ma-bydli\/#primaryimage","url":"https:\/\/www.tvrzmladejovice.cz\/wp-content\/uploads\/2022\/07\/postele.jpeg","contentUrl":"https:\/\/www.tvrzmladejovice.cz\/wp-content\/uploads\/2022\/07\/postele.jpeg","width":1599,"height":899},{"@type":"BreadcrumbList","@id":"https:\/\/www.tvrzmladejovice.cz\/index.php\/2022\/07\/23\/kdo-postel-ma-bydli\/#breadcrumb","itemListElement":[{"@type":"ListItem","position":1,"name":"Dom\u016f","item":"https:\/\/www.tvrzmladejovice.cz\/"},{"@type":"ListItem","position":2,"name":"Kdo postel m\u00e1, bydl\u00ed&#8230;"}]},{"@type":"WebSite","@id":"https:\/\/www.tvrzmladejovice.cz\/#website","url":"https:\/\/www.tvrzmladejovice.cz\/","name":"Mlad\u011bjovice Mansion","description":"Historie a sou\u010dasnost pozdn\u011b gotick\u00e9ho s\u00eddla","publisher":{"@id":"https:\/\/www.tvrzmladejovice.cz\/#organization"},"potentialAction":[{"@type":"SearchAction","target":{"@type":"EntryPoint","urlTemplate":"https:\/\/www.tvrzmladejovice.cz\/?s={search_term_string}"},"query-input":{"@type":"PropertyValueSpecification","valueRequired":true,"valueName":"search_term_string"}}],"inLanguage":"cs"},{"@type":"Organization","@id":"https:\/\/www.tvrzmladejovice.cz\/#organization","name":"Mlad\u011bjovice Mansion","url":"https:\/\/www.tvrzmladejovice.cz\/","logo":{"@type":"ImageObject","inLanguage":"cs","@id":"https:\/\/www.tvrzmladejovice.cz\/#\/schema\/logo\/image\/","url":"https:\/\/www.tvrzmladejovice.cz\/wp-content\/uploads\/2023\/04\/znak_barva.png","contentUrl":"https:\/\/www.tvrzmladejovice.cz\/wp-content\/uploads\/2023\/04\/znak_barva.png","width":1257,"height":1635,"caption":"Mlad\u011bjovice Mansion"},"image":{"@id":"https:\/\/www.tvrzmladejovice.cz\/#\/schema\/logo\/image\/"}},{"@type":"Person","@id":"https:\/\/www.tvrzmladejovice.cz\/#\/schema\/person\/73ce82a51d797792f4b764f91f04660e","name":"Michal Hradeck\u00fd","image":{"@type":"ImageObject","inLanguage":"cs","@id":"https:\/\/secure.gravatar.com\/avatar\/94aedd169f1db9420f2c3f06c0b78fa03472dea2260a5bb9092c466dc8418b83?s=96&d=mm&r=g","url":"https:\/\/secure.gravatar.com\/avatar\/94aedd169f1db9420f2c3f06c0b78fa03472dea2260a5bb9092c466dc8418b83?s=96&d=mm&r=g","contentUrl":"https:\/\/secure.gravatar.com\/avatar\/94aedd169f1db9420f2c3f06c0b78fa03472dea2260a5bb9092c466dc8418b83?s=96&d=mm&r=g","caption":"Michal Hradeck\u00fd"},"url":"https:\/\/www.tvrzmladejovice.cz\/index.php\/author\/misak\/"}]}},"_links":{"self":[{"href":"https:\/\/www.tvrzmladejovice.cz\/index.php\/wp-json\/wp\/v2\/posts\/1173","targetHints":{"allow":["GET"]}}],"collection":[{"href":"https:\/\/www.tvrzmladejovice.cz\/index.php\/wp-json\/wp\/v2\/posts"}],"about":[{"href":"https:\/\/www.tvrzmladejovice.cz\/index.php\/wp-json\/wp\/v2\/types\/post"}],"author":[{"embeddable":true,"href":"https:\/\/www.tvrzmladejovice.cz\/index.php\/wp-json\/wp\/v2\/users\/2"}],"replies":[{"embeddable":true,"href":"https:\/\/www.tvrzmladejovice.cz\/index.php\/wp-json\/wp\/v2\/comments?post=1173"}],"version-history":[{"count":0,"href":"https:\/\/www.tvrzmladejovice.cz\/index.php\/wp-json\/wp\/v2\/posts\/1173\/revisions"}],"wp:featuredmedia":[{"embeddable":true,"href":"https:\/\/www.tvrzmladejovice.cz\/index.php\/wp-json\/wp\/v2\/media\/1174"}],"wp:attachment":[{"href":"https:\/\/www.tvrzmladejovice.cz\/index.php\/wp-json\/wp\/v2\/media?parent=1173"}],"wp:term":[{"taxonomy":"category","embeddable":true,"href":"https:\/\/www.tvrzmladejovice.cz\/index.php\/wp-json\/wp\/v2\/categories?post=1173"},{"taxonomy":"post_tag","embeddable":true,"href":"https:\/\/www.tvrzmladejovice.cz\/index.php\/wp-json\/wp\/v2\/tags?post=1173"}],"curies":[{"name":"wp","href":"https:\/\/api.w.org\/{rel}","templated":true}]}}