{"id":1183,"date":"2022-07-28T13:19:00","date_gmt":"2022-07-28T13:19:00","guid":{"rendered":"https:\/\/www.tvrzmladejovice.cz\/?p=1183"},"modified":"2022-07-20T13:31:54","modified_gmt":"2022-07-20T13:31:54","slug":"navstevni-kniha","status":"publish","type":"post","link":"https:\/\/www.tvrzmladejovice.cz\/index.php\/2022\/07\/28\/navstevni-kniha\/","title":{"rendered":"N\u00e1v\u0161t\u011bvn\u00ed kniha"},"content":{"rendered":"\n<p>Vypad\u00e1 to jako mal\u00fd krok pro lidstvo a velk\u00fd&#8230; nebo tak n\u011bjak, ale pro n\u00e1s je to dal\u0161\u00ed krok \u010di drobn\u00fd symbol trval\u00e9ho fungov\u00e1n\u00ed tvrze pro n\u00e1v\u0161t\u011bvn\u00edky.<\/p>\n\n\n\n<p>Takhle jsme evidovali na\u0161e n\u00e1v\u0161t\u011bvn\u00edky doposud<\/p>\n\n\n\n<figure class=\"wp-block-gallery alignwide has-nested-images columns-default is-cropped wp-block-gallery-1 is-layout-flex wp-block-gallery-is-layout-flex\">\n<figure class=\"wp-block-image size-large\"><img fetchpriority=\"high\" decoding=\"async\" width=\"1024\" height=\"576\" data-id=\"1184\" src=\"https:\/\/www.tvrzmladejovice.cz\/wp-content\/uploads\/2022\/07\/evidence2-1024x576.jpeg\" alt=\"\" class=\"wp-image-1184\" srcset=\"https:\/\/www.tvrzmladejovice.cz\/wp-content\/uploads\/2022\/07\/evidence2-1024x576.jpeg 1024w, https:\/\/www.tvrzmladejovice.cz\/wp-content\/uploads\/2022\/07\/evidence2-300x169.jpeg 300w, https:\/\/www.tvrzmladejovice.cz\/wp-content\/uploads\/2022\/07\/evidence2-768x432.jpeg 768w, https:\/\/www.tvrzmladejovice.cz\/wp-content\/uploads\/2022\/07\/evidence2-420x236.jpeg 420w, https:\/\/www.tvrzmladejovice.cz\/wp-content\/uploads\/2022\/07\/evidence2-1536x864.jpeg 1536w, https:\/\/www.tvrzmladejovice.cz\/wp-content\/uploads\/2022\/07\/evidence2-500x281.jpeg 500w, https:\/\/www.tvrzmladejovice.cz\/wp-content\/uploads\/2022\/07\/evidence2-800x450.jpeg 800w, https:\/\/www.tvrzmladejovice.cz\/wp-content\/uploads\/2022\/07\/evidence2-1280x720.jpeg 1280w, https:\/\/www.tvrzmladejovice.cz\/wp-content\/uploads\/2022\/07\/evidence2-140x79.jpeg 140w, https:\/\/www.tvrzmladejovice.cz\/wp-content\/uploads\/2022\/07\/evidence2.jpeg 1599w\" sizes=\"(max-width: 1024px) 100vw, 1024px\" \/><\/figure>\n\n\n\n<figure class=\"wp-block-image size-large\"><img decoding=\"async\" width=\"1024\" height=\"576\" data-id=\"1185\" src=\"https:\/\/www.tvrzmladejovice.cz\/wp-content\/uploads\/2022\/07\/evidence-1024x576.jpeg\" alt=\"\" class=\"wp-image-1185\" srcset=\"https:\/\/www.tvrzmladejovice.cz\/wp-content\/uploads\/2022\/07\/evidence-1024x576.jpeg 1024w, https:\/\/www.tvrzmladejovice.cz\/wp-content\/uploads\/2022\/07\/evidence-300x169.jpeg 300w, https:\/\/www.tvrzmladejovice.cz\/wp-content\/uploads\/2022\/07\/evidence-768x432.jpeg 768w, https:\/\/www.tvrzmladejovice.cz\/wp-content\/uploads\/2022\/07\/evidence-420x236.jpeg 420w, https:\/\/www.tvrzmladejovice.cz\/wp-content\/uploads\/2022\/07\/evidence-1536x864.jpeg 1536w, https:\/\/www.tvrzmladejovice.cz\/wp-content\/uploads\/2022\/07\/evidence-500x281.jpeg 500w, https:\/\/www.tvrzmladejovice.cz\/wp-content\/uploads\/2022\/07\/evidence-800x450.jpeg 800w, https:\/\/www.tvrzmladejovice.cz\/wp-content\/uploads\/2022\/07\/evidence-1280x720.jpeg 1280w, https:\/\/www.tvrzmladejovice.cz\/wp-content\/uploads\/2022\/07\/evidence-140x79.jpeg 140w, https:\/\/www.tvrzmladejovice.cz\/wp-content\/uploads\/2022\/07\/evidence.jpeg 1599w\" sizes=\"(max-width: 1024px) 100vw, 1024px\" \/><\/figure>\n<\/figure>\n\n\n\n<p>ale takhle u\u017e to bude tak, jak jsme z kulturn\u00edch pam\u00e1tek v\u0161ichni zvykl\u00ed<\/p>\n\n\n\n<figure class=\"wp-block-image size-medium\"><img decoding=\"async\" width=\"169\" height=\"300\" src=\"https:\/\/www.tvrzmladejovice.cz\/wp-content\/uploads\/2022\/07\/kronika-169x300.jpeg\" alt=\"\" class=\"wp-image-1186\" srcset=\"https:\/\/www.tvrzmladejovice.cz\/wp-content\/uploads\/2022\/07\/kronika-169x300.jpeg 169w, https:\/\/www.tvrzmladejovice.cz\/wp-content\/uploads\/2022\/07\/kronika-576x1024.jpeg 576w, https:\/\/www.tvrzmladejovice.cz\/wp-content\/uploads\/2022\/07\/kronika-768x1366.jpeg 768w, https:\/\/www.tvrzmladejovice.cz\/wp-content\/uploads\/2022\/07\/kronika-420x747.jpeg 420w, https:\/\/www.tvrzmladejovice.cz\/wp-content\/uploads\/2022\/07\/kronika-864x1536.jpeg 864w, https:\/\/www.tvrzmladejovice.cz\/wp-content\/uploads\/2022\/07\/kronika-500x889.jpeg 500w, https:\/\/www.tvrzmladejovice.cz\/wp-content\/uploads\/2022\/07\/kronika-800x1423.jpeg 800w, https:\/\/www.tvrzmladejovice.cz\/wp-content\/uploads\/2022\/07\/kronika-135x240.jpeg 135w, https:\/\/www.tvrzmladejovice.cz\/wp-content\/uploads\/2022\/07\/kronika.jpeg 899w\" sizes=\"(max-width: 169px) 100vw, 169px\" \/><\/figure>\n","protected":false},"excerpt":{"rendered":"<p>Vypad\u00e1 to jako mal\u00fd krok pro lidstvo a velk\u00fd&#8230; nebo tak n\u011bjak, ale pro n\u00e1s je to dal\u0161\u00ed krok \u010di drobn\u00fd symbol trval\u00e9ho fungov\u00e1n\u00ed tvrze pro n\u00e1v\u0161t\u011bvn\u00edky. Takhle jsme evidovali na\u0161e n\u00e1v\u0161t\u011bvn\u00edky doposud ale takhle u\u017e to bude tak, jak jsme z kulturn\u00edch pam\u00e1tek v\u0161ichni zvykl\u00ed<\/p>\n","protected":false},"author":2,"featured_media":1185,"comment_status":"closed","ping_status":"open","sticky":false,"template":"","format":"standard","meta":{"iawp_total_views":1,"footnotes":""},"categories":[66],"tags":[],"class_list":["post-1183","post","type-post","status-publish","format-standard","has-post-thumbnail","hentry","category-aktuality-cs"],"yoast_head":"<!-- This site is optimized with the Yoast SEO plugin v27.5 - https:\/\/yoast.com\/product\/yoast-seo-wordpress\/ -->\n<title>N\u00e1v\u0161t\u011bvn\u00ed kniha - Mlad\u011bjovice Mansion<\/title>\n<meta name=\"robots\" content=\"index, follow, max-snippet:-1, max-image-preview:large, max-video-preview:-1\" \/>\n<link rel=\"canonical\" href=\"https:\/\/www.tvrzmladejovice.cz\/index.php\/2022\/07\/28\/navstevni-kniha\/\" \/>\n<meta property=\"og:locale\" content=\"cs_CZ\" \/>\n<meta property=\"og:type\" content=\"article\" \/>\n<meta property=\"og:title\" content=\"N\u00e1v\u0161t\u011bvn\u00ed kniha - Mlad\u011bjovice Mansion\" \/>\n<meta property=\"og:description\" content=\"Vypad\u00e1 to jako mal\u00fd krok pro lidstvo a velk\u00fd&#8230; nebo tak n\u011bjak, ale pro n\u00e1s je to dal\u0161\u00ed krok \u010di drobn\u00fd symbol trval\u00e9ho fungov\u00e1n\u00ed tvrze pro n\u00e1v\u0161t\u011bvn\u00edky. Takhle jsme evidovali na\u0161e n\u00e1v\u0161t\u011bvn\u00edky doposud ale takhle u\u017e to bude tak, jak jsme z kulturn\u00edch pam\u00e1tek v\u0161ichni zvykl\u00ed\" \/>\n<meta property=\"og:url\" content=\"https:\/\/www.tvrzmladejovice.cz\/index.php\/2022\/07\/28\/navstevni-kniha\/\" \/>\n<meta property=\"og:site_name\" content=\"Mlad\u011bjovice Mansion\" \/>\n<meta property=\"article:published_time\" content=\"2022-07-28T13:19:00+00:00\" \/>\n<meta property=\"og:image\" content=\"https:\/\/www.tvrzmladejovice.cz\/wp-content\/uploads\/2022\/07\/evidence.jpeg\" \/>\n\t<meta property=\"og:image:width\" content=\"1599\" \/>\n\t<meta property=\"og:image:height\" content=\"899\" \/>\n\t<meta property=\"og:image:type\" content=\"image\/jpeg\" \/>\n<meta name=\"author\" content=\"Michal Hradeck\u00fd\" \/>\n<meta name=\"twitter:card\" content=\"summary_large_image\" \/>\n<meta name=\"twitter:label1\" content=\"Napsal(a)\" \/>\n\t<meta name=\"twitter:data1\" content=\"Michal Hradeck\u00fd\" \/>\n<script type=\"application\/ld+json\" class=\"yoast-schema-graph\">{\"@context\":\"https:\\\/\\\/schema.org\",\"@graph\":[{\"@type\":\"Article\",\"@id\":\"https:\\\/\\\/www.tvrzmladejovice.cz\\\/index.php\\\/2022\\\/07\\\/28\\\/navstevni-kniha\\\/#article\",\"isPartOf\":{\"@id\":\"https:\\\/\\\/www.tvrzmladejovice.cz\\\/index.php\\\/2022\\\/07\\\/28\\\/navstevni-kniha\\\/\"},\"author\":{\"name\":\"Michal Hradeck\u00fd\",\"@id\":\"https:\\\/\\\/www.tvrzmladejovice.cz\\\/#\\\/schema\\\/person\\\/73ce82a51d797792f4b764f91f04660e\"},\"headline\":\"N\u00e1v\u0161t\u011bvn\u00ed kniha\",\"datePublished\":\"2022-07-28T13:19:00+00:00\",\"mainEntityOfPage\":{\"@id\":\"https:\\\/\\\/www.tvrzmladejovice.cz\\\/index.php\\\/2022\\\/07\\\/28\\\/navstevni-kniha\\\/\"},\"wordCount\":67,\"publisher\":{\"@id\":\"https:\\\/\\\/www.tvrzmladejovice.cz\\\/#organization\"},\"image\":{\"@id\":\"https:\\\/\\\/www.tvrzmladejovice.cz\\\/index.php\\\/2022\\\/07\\\/28\\\/navstevni-kniha\\\/#primaryimage\"},\"thumbnailUrl\":\"https:\\\/\\\/www.tvrzmladejovice.cz\\\/wp-content\\\/uploads\\\/2022\\\/07\\\/evidence.jpeg\",\"articleSection\":[\"Aktu\u00e1ln\u011b\"],\"inLanguage\":\"cs\"},{\"@type\":\"WebPage\",\"@id\":\"https:\\\/\\\/www.tvrzmladejovice.cz\\\/index.php\\\/2022\\\/07\\\/28\\\/navstevni-kniha\\\/\",\"url\":\"https:\\\/\\\/www.tvrzmladejovice.cz\\\/index.php\\\/2022\\\/07\\\/28\\\/navstevni-kniha\\\/\",\"name\":\"N\u00e1v\u0161t\u011bvn\u00ed kniha - Mlad\u011bjovice Mansion\",\"isPartOf\":{\"@id\":\"https:\\\/\\\/www.tvrzmladejovice.cz\\\/#website\"},\"primaryImageOfPage\":{\"@id\":\"https:\\\/\\\/www.tvrzmladejovice.cz\\\/index.php\\\/2022\\\/07\\\/28\\\/navstevni-kniha\\\/#primaryimage\"},\"image\":{\"@id\":\"https:\\\/\\\/www.tvrzmladejovice.cz\\\/index.php\\\/2022\\\/07\\\/28\\\/navstevni-kniha\\\/#primaryimage\"},\"thumbnailUrl\":\"https:\\\/\\\/www.tvrzmladejovice.cz\\\/wp-content\\\/uploads\\\/2022\\\/07\\\/evidence.jpeg\",\"datePublished\":\"2022-07-28T13:19:00+00:00\",\"breadcrumb\":{\"@id\":\"https:\\\/\\\/www.tvrzmladejovice.cz\\\/index.php\\\/2022\\\/07\\\/28\\\/navstevni-kniha\\\/#breadcrumb\"},\"inLanguage\":\"cs\",\"potentialAction\":[{\"@type\":\"ReadAction\",\"target\":[\"https:\\\/\\\/www.tvrzmladejovice.cz\\\/index.php\\\/2022\\\/07\\\/28\\\/navstevni-kniha\\\/\"]}]},{\"@type\":\"ImageObject\",\"inLanguage\":\"cs\",\"@id\":\"https:\\\/\\\/www.tvrzmladejovice.cz\\\/index.php\\\/2022\\\/07\\\/28\\\/navstevni-kniha\\\/#primaryimage\",\"url\":\"https:\\\/\\\/www.tvrzmladejovice.cz\\\/wp-content\\\/uploads\\\/2022\\\/07\\\/evidence.jpeg\",\"contentUrl\":\"https:\\\/\\\/www.tvrzmladejovice.cz\\\/wp-content\\\/uploads\\\/2022\\\/07\\\/evidence.jpeg\",\"width\":1599,\"height\":899},{\"@type\":\"BreadcrumbList\",\"@id\":\"https:\\\/\\\/www.tvrzmladejovice.cz\\\/index.php\\\/2022\\\/07\\\/28\\\/navstevni-kniha\\\/#breadcrumb\",\"itemListElement\":[{\"@type\":\"ListItem\",\"position\":1,\"name\":\"Dom\u016f\",\"item\":\"https:\\\/\\\/www.tvrzmladejovice.cz\\\/\"},{\"@type\":\"ListItem\",\"position\":2,\"name\":\"N\u00e1v\u0161t\u011bvn\u00ed kniha\"}]},{\"@type\":\"WebSite\",\"@id\":\"https:\\\/\\\/www.tvrzmladejovice.cz\\\/#website\",\"url\":\"https:\\\/\\\/www.tvrzmladejovice.cz\\\/\",\"name\":\"Mlad\u011bjovice Mansion\",\"description\":\"Historie a sou\u010dasnost pozdn\u011b gotick\u00e9ho s\u00eddla\",\"publisher\":{\"@id\":\"https:\\\/\\\/www.tvrzmladejovice.cz\\\/#organization\"},\"potentialAction\":[{\"@type\":\"SearchAction\",\"target\":{\"@type\":\"EntryPoint\",\"urlTemplate\":\"https:\\\/\\\/www.tvrzmladejovice.cz\\\/?s={search_term_string}\"},\"query-input\":{\"@type\":\"PropertyValueSpecification\",\"valueRequired\":true,\"valueName\":\"search_term_string\"}}],\"inLanguage\":\"cs\"},{\"@type\":\"Organization\",\"@id\":\"https:\\\/\\\/www.tvrzmladejovice.cz\\\/#organization\",\"name\":\"Mlad\u011bjovice Mansion\",\"url\":\"https:\\\/\\\/www.tvrzmladejovice.cz\\\/\",\"logo\":{\"@type\":\"ImageObject\",\"inLanguage\":\"cs\",\"@id\":\"https:\\\/\\\/www.tvrzmladejovice.cz\\\/#\\\/schema\\\/logo\\\/image\\\/\",\"url\":\"https:\\\/\\\/www.tvrzmladejovice.cz\\\/wp-content\\\/uploads\\\/2023\\\/04\\\/znak_barva.png\",\"contentUrl\":\"https:\\\/\\\/www.tvrzmladejovice.cz\\\/wp-content\\\/uploads\\\/2023\\\/04\\\/znak_barva.png\",\"width\":1257,\"height\":1635,\"caption\":\"Mlad\u011bjovice Mansion\"},\"image\":{\"@id\":\"https:\\\/\\\/www.tvrzmladejovice.cz\\\/#\\\/schema\\\/logo\\\/image\\\/\"}},{\"@type\":\"Person\",\"@id\":\"https:\\\/\\\/www.tvrzmladejovice.cz\\\/#\\\/schema\\\/person\\\/73ce82a51d797792f4b764f91f04660e\",\"name\":\"Michal Hradeck\u00fd\",\"image\":{\"@type\":\"ImageObject\",\"inLanguage\":\"cs\",\"@id\":\"https:\\\/\\\/secure.gravatar.com\\\/avatar\\\/94aedd169f1db9420f2c3f06c0b78fa03472dea2260a5bb9092c466dc8418b83?s=96&d=mm&r=g\",\"url\":\"https:\\\/\\\/secure.gravatar.com\\\/avatar\\\/94aedd169f1db9420f2c3f06c0b78fa03472dea2260a5bb9092c466dc8418b83?s=96&d=mm&r=g\",\"contentUrl\":\"https:\\\/\\\/secure.gravatar.com\\\/avatar\\\/94aedd169f1db9420f2c3f06c0b78fa03472dea2260a5bb9092c466dc8418b83?s=96&d=mm&r=g\",\"caption\":\"Michal Hradeck\u00fd\"},\"url\":\"https:\\\/\\\/www.tvrzmladejovice.cz\\\/index.php\\\/author\\\/misak\\\/\"}]}<\/script>\n<!-- \/ Yoast SEO plugin. -->","yoast_head_json":{"title":"N\u00e1v\u0161t\u011bvn\u00ed kniha - Mlad\u011bjovice Mansion","robots":{"index":"index","follow":"follow","max-snippet":"max-snippet:-1","max-image-preview":"max-image-preview:large","max-video-preview":"max-video-preview:-1"},"canonical":"https:\/\/www.tvrzmladejovice.cz\/index.php\/2022\/07\/28\/navstevni-kniha\/","og_locale":"cs_CZ","og_type":"article","og_title":"N\u00e1v\u0161t\u011bvn\u00ed kniha - Mlad\u011bjovice Mansion","og_description":"Vypad\u00e1 to jako mal\u00fd krok pro lidstvo a velk\u00fd&#8230; nebo tak n\u011bjak, ale pro n\u00e1s je to dal\u0161\u00ed krok \u010di drobn\u00fd symbol trval\u00e9ho fungov\u00e1n\u00ed tvrze pro n\u00e1v\u0161t\u011bvn\u00edky. Takhle jsme evidovali na\u0161e n\u00e1v\u0161t\u011bvn\u00edky doposud ale takhle u\u017e to bude tak, jak jsme z kulturn\u00edch pam\u00e1tek v\u0161ichni zvykl\u00ed","og_url":"https:\/\/www.tvrzmladejovice.cz\/index.php\/2022\/07\/28\/navstevni-kniha\/","og_site_name":"Mlad\u011bjovice Mansion","article_published_time":"2022-07-28T13:19:00+00:00","og_image":[{"width":1599,"height":899,"url":"https:\/\/www.tvrzmladejovice.cz\/wp-content\/uploads\/2022\/07\/evidence.jpeg","type":"image\/jpeg"}],"author":"Michal Hradeck\u00fd","twitter_card":"summary_large_image","twitter_misc":{"Napsal(a)":"Michal Hradeck\u00fd"},"schema":{"@context":"https:\/\/schema.org","@graph":[{"@type":"Article","@id":"https:\/\/www.tvrzmladejovice.cz\/index.php\/2022\/07\/28\/navstevni-kniha\/#article","isPartOf":{"@id":"https:\/\/www.tvrzmladejovice.cz\/index.php\/2022\/07\/28\/navstevni-kniha\/"},"author":{"name":"Michal Hradeck\u00fd","@id":"https:\/\/www.tvrzmladejovice.cz\/#\/schema\/person\/73ce82a51d797792f4b764f91f04660e"},"headline":"N\u00e1v\u0161t\u011bvn\u00ed kniha","datePublished":"2022-07-28T13:19:00+00:00","mainEntityOfPage":{"@id":"https:\/\/www.tvrzmladejovice.cz\/index.php\/2022\/07\/28\/navstevni-kniha\/"},"wordCount":67,"publisher":{"@id":"https:\/\/www.tvrzmladejovice.cz\/#organization"},"image":{"@id":"https:\/\/www.tvrzmladejovice.cz\/index.php\/2022\/07\/28\/navstevni-kniha\/#primaryimage"},"thumbnailUrl":"https:\/\/www.tvrzmladejovice.cz\/wp-content\/uploads\/2022\/07\/evidence.jpeg","articleSection":["Aktu\u00e1ln\u011b"],"inLanguage":"cs"},{"@type":"WebPage","@id":"https:\/\/www.tvrzmladejovice.cz\/index.php\/2022\/07\/28\/navstevni-kniha\/","url":"https:\/\/www.tvrzmladejovice.cz\/index.php\/2022\/07\/28\/navstevni-kniha\/","name":"N\u00e1v\u0161t\u011bvn\u00ed kniha - Mlad\u011bjovice Mansion","isPartOf":{"@id":"https:\/\/www.tvrzmladejovice.cz\/#website"},"primaryImageOfPage":{"@id":"https:\/\/www.tvrzmladejovice.cz\/index.php\/2022\/07\/28\/navstevni-kniha\/#primaryimage"},"image":{"@id":"https:\/\/www.tvrzmladejovice.cz\/index.php\/2022\/07\/28\/navstevni-kniha\/#primaryimage"},"thumbnailUrl":"https:\/\/www.tvrzmladejovice.cz\/wp-content\/uploads\/2022\/07\/evidence.jpeg","datePublished":"2022-07-28T13:19:00+00:00","breadcrumb":{"@id":"https:\/\/www.tvrzmladejovice.cz\/index.php\/2022\/07\/28\/navstevni-kniha\/#breadcrumb"},"inLanguage":"cs","potentialAction":[{"@type":"ReadAction","target":["https:\/\/www.tvrzmladejovice.cz\/index.php\/2022\/07\/28\/navstevni-kniha\/"]}]},{"@type":"ImageObject","inLanguage":"cs","@id":"https:\/\/www.tvrzmladejovice.cz\/index.php\/2022\/07\/28\/navstevni-kniha\/#primaryimage","url":"https:\/\/www.tvrzmladejovice.cz\/wp-content\/uploads\/2022\/07\/evidence.jpeg","contentUrl":"https:\/\/www.tvrzmladejovice.cz\/wp-content\/uploads\/2022\/07\/evidence.jpeg","width":1599,"height":899},{"@type":"BreadcrumbList","@id":"https:\/\/www.tvrzmladejovice.cz\/index.php\/2022\/07\/28\/navstevni-kniha\/#breadcrumb","itemListElement":[{"@type":"ListItem","position":1,"name":"Dom\u016f","item":"https:\/\/www.tvrzmladejovice.cz\/"},{"@type":"ListItem","position":2,"name":"N\u00e1v\u0161t\u011bvn\u00ed kniha"}]},{"@type":"WebSite","@id":"https:\/\/www.tvrzmladejovice.cz\/#website","url":"https:\/\/www.tvrzmladejovice.cz\/","name":"Mlad\u011bjovice Mansion","description":"Historie a sou\u010dasnost pozdn\u011b gotick\u00e9ho s\u00eddla","publisher":{"@id":"https:\/\/www.tvrzmladejovice.cz\/#organization"},"potentialAction":[{"@type":"SearchAction","target":{"@type":"EntryPoint","urlTemplate":"https:\/\/www.tvrzmladejovice.cz\/?s={search_term_string}"},"query-input":{"@type":"PropertyValueSpecification","valueRequired":true,"valueName":"search_term_string"}}],"inLanguage":"cs"},{"@type":"Organization","@id":"https:\/\/www.tvrzmladejovice.cz\/#organization","name":"Mlad\u011bjovice Mansion","url":"https:\/\/www.tvrzmladejovice.cz\/","logo":{"@type":"ImageObject","inLanguage":"cs","@id":"https:\/\/www.tvrzmladejovice.cz\/#\/schema\/logo\/image\/","url":"https:\/\/www.tvrzmladejovice.cz\/wp-content\/uploads\/2023\/04\/znak_barva.png","contentUrl":"https:\/\/www.tvrzmladejovice.cz\/wp-content\/uploads\/2023\/04\/znak_barva.png","width":1257,"height":1635,"caption":"Mlad\u011bjovice Mansion"},"image":{"@id":"https:\/\/www.tvrzmladejovice.cz\/#\/schema\/logo\/image\/"}},{"@type":"Person","@id":"https:\/\/www.tvrzmladejovice.cz\/#\/schema\/person\/73ce82a51d797792f4b764f91f04660e","name":"Michal Hradeck\u00fd","image":{"@type":"ImageObject","inLanguage":"cs","@id":"https:\/\/secure.gravatar.com\/avatar\/94aedd169f1db9420f2c3f06c0b78fa03472dea2260a5bb9092c466dc8418b83?s=96&d=mm&r=g","url":"https:\/\/secure.gravatar.com\/avatar\/94aedd169f1db9420f2c3f06c0b78fa03472dea2260a5bb9092c466dc8418b83?s=96&d=mm&r=g","contentUrl":"https:\/\/secure.gravatar.com\/avatar\/94aedd169f1db9420f2c3f06c0b78fa03472dea2260a5bb9092c466dc8418b83?s=96&d=mm&r=g","caption":"Michal Hradeck\u00fd"},"url":"https:\/\/www.tvrzmladejovice.cz\/index.php\/author\/misak\/"}]}},"_links":{"self":[{"href":"https:\/\/www.tvrzmladejovice.cz\/index.php\/wp-json\/wp\/v2\/posts\/1183","targetHints":{"allow":["GET"]}}],"collection":[{"href":"https:\/\/www.tvrzmladejovice.cz\/index.php\/wp-json\/wp\/v2\/posts"}],"about":[{"href":"https:\/\/www.tvrzmladejovice.cz\/index.php\/wp-json\/wp\/v2\/types\/post"}],"author":[{"embeddable":true,"href":"https:\/\/www.tvrzmladejovice.cz\/index.php\/wp-json\/wp\/v2\/users\/2"}],"replies":[{"embeddable":true,"href":"https:\/\/www.tvrzmladejovice.cz\/index.php\/wp-json\/wp\/v2\/comments?post=1183"}],"version-history":[{"count":0,"href":"https:\/\/www.tvrzmladejovice.cz\/index.php\/wp-json\/wp\/v2\/posts\/1183\/revisions"}],"wp:featuredmedia":[{"embeddable":true,"href":"https:\/\/www.tvrzmladejovice.cz\/index.php\/wp-json\/wp\/v2\/media\/1185"}],"wp:attachment":[{"href":"https:\/\/www.tvrzmladejovice.cz\/index.php\/wp-json\/wp\/v2\/media?parent=1183"}],"wp:term":[{"taxonomy":"category","embeddable":true,"href":"https:\/\/www.tvrzmladejovice.cz\/index.php\/wp-json\/wp\/v2\/categories?post=1183"},{"taxonomy":"post_tag","embeddable":true,"href":"https:\/\/www.tvrzmladejovice.cz\/index.php\/wp-json\/wp\/v2\/tags?post=1183"}],"curies":[{"name":"wp","href":"https:\/\/api.w.org\/{rel}","templated":true}]}}