{"id":1261,"date":"2022-05-20T16:08:00","date_gmt":"2022-05-20T16:08:00","guid":{"rendered":"https:\/\/www.tvrzmladejovice.cz\/?p=1261"},"modified":"2022-08-05T16:19:51","modified_gmt":"2022-08-05T16:19:51","slug":"spring-news-from-mladejovice","status":"publish","type":"post","link":"https:\/\/www.tvrzmladejovice.cz\/index.php\/en\/2022\/05\/20\/spring-news-from-mladejovice\/","title":{"rendered":"Spring news from Mlad\u011bjovice"},"content":{"rendered":"\n<p>Let us introduce you to the latest May news and spring life at our fortress in Mlad\u011bjovice.<\/p>\n\n\n\n<p>Bees<\/p>\n\n\n\n<p>Our bees have decided to kill off the farmer. He had counted on giving them 5 new super boxes to expand their hives, but they decided that they needed to fill 18 super boxes in two days.<\/p>\n\n\n\n<p>This resulted in two unscheduled days of work, during which Bernard hammered, wired, and waxed 250 frames and the super boxes.<\/p>\n\n\n\n<p>But when the bees are happy, everyone else in the fortress is happy.<\/p>\n\n\n\n\n\n<p>They\u2019re flying<\/p>\n\n\n\n<p><strong>Ponds with frogs<\/strong><\/p>\n\n\n\n<p>What would a farm be without a pond, frog croaking, and the farmer with a pipe in his mouth sitting on the dam&#8230; well, okay the last one probably won&#8217;t happen.<\/p>\n\n\n\n<p>The upper pond is getting a new gullet and new outlet to the lower pond. So the frogs can get ready for their niche extension.<\/p>\n\n\n\n\n\n<figure class=\"wp-block-video\"><video height=\"1080\" style=\"aspect-ratio: 1920 \/ 1080;\" width=\"1920\" controls src=\"https:\/\/www.tvrzmladejovice.cz\/wp-content\/uploads\/2022\/05\/VID_20220512_150005.mp4\"><\/video><\/figure>\n\n\n\n<p>Garden<\/p>\n\n\n\n<p>As a famous Czech writer and enthusiast gardener Karel \u010capek said: \u201cYour attitude to things has changed. When it\u2019s raining you say it\u2019s raining on the garden, when the sun is shining it is not just shining it\u2019s shining on the garden. At night you are grateful your garden will rest.\u201d<\/p>\n\n\n\n<p>Our garden in spring:<\/p>\n\n\n","protected":false},"excerpt":{"rendered":"<p>Let us introduce you to the latest May news and spring life at our fortress in Mlad\u011bjovice. Bees Our bees have decided to kill off the farmer. He had counted on giving them 5 new super boxes to expand their hives, but they decided that they needed to fill 18 super boxes in two days. [&hellip;]<\/p>\n","protected":false},"author":2,"featured_media":1258,"comment_status":"closed","ping_status":"open","sticky":false,"template":"","format":"standard","meta":{"iawp_total_views":1,"footnotes":""},"categories":[78],"tags":[],"class_list":["post-1261","post","type-post","status-publish","format-standard","has-post-thumbnail","hentry","category-news-en"],"yoast_head":"<!-- This site is optimized with the Yoast SEO plugin v27.5 - https:\/\/yoast.com\/product\/yoast-seo-wordpress\/ -->\n<title>Spring news from Mlad\u011bjovice - Mlad\u011bjovice Mansion<\/title>\n<meta name=\"description\" content=\"Na ja\u0159e n\u00e1m to roste, kv\u00e1k\u00e1 a v neposledn\u00ed \u0159ad\u011b bzu\u010d\u00ed...\" \/>\n<meta name=\"robots\" content=\"index, follow, max-snippet:-1, max-image-preview:large, max-video-preview:-1\" \/>\n<link rel=\"canonical\" href=\"https:\/\/www.tvrzmladejovice.cz\/index.php\/en\/2022\/05\/20\/spring-news-from-mladejovice\/\" \/>\n<meta property=\"og:locale\" content=\"cs_CZ\" \/>\n<meta property=\"og:type\" content=\"article\" \/>\n<meta property=\"og:title\" content=\"Spring news from Mlad\u011bjovice - Mlad\u011bjovice Mansion\" \/>\n<meta property=\"og:description\" content=\"Na ja\u0159e n\u00e1m to roste, kv\u00e1k\u00e1 a v neposledn\u00ed \u0159ad\u011b bzu\u010d\u00ed...\" \/>\n<meta property=\"og:url\" content=\"https:\/\/www.tvrzmladejovice.cz\/index.php\/en\/2022\/05\/20\/spring-news-from-mladejovice\/\" \/>\n<meta property=\"og:site_name\" content=\"Mlad\u011bjovice Mansion\" \/>\n<meta property=\"article:published_time\" content=\"2022-05-20T16:08:00+00:00\" \/>\n<meta property=\"article:modified_time\" content=\"2022-08-05T16:19:51+00:00\" \/>\n<meta property=\"og:image\" content=\"https:\/\/www.tvrzmladejovice.cz\/wp-content\/uploads\/2022\/05\/035.jpg\" \/>\n\t<meta property=\"og:image:width\" content=\"1920\" \/>\n\t<meta property=\"og:image:height\" content=\"1280\" \/>\n\t<meta property=\"og:image:type\" content=\"image\/jpeg\" \/>\n<meta name=\"author\" content=\"Michal Hradeck\u00fd\" \/>\n<meta name=\"twitter:card\" content=\"summary_large_image\" \/>\n<meta name=\"twitter:label1\" content=\"Napsal(a)\" \/>\n\t<meta name=\"twitter:data1\" content=\"Michal Hradeck\u00fd\" \/>\n\t<meta name=\"twitter:label2\" content=\"Odhadovan\u00e1 doba \u010dten\u00ed\" \/>\n\t<meta name=\"twitter:data2\" content=\"1 minuta\" \/>\n<script type=\"application\/ld+json\" class=\"yoast-schema-graph\">{\"@context\":\"https:\\\/\\\/schema.org\",\"@graph\":[{\"@type\":\"Article\",\"@id\":\"https:\\\/\\\/www.tvrzmladejovice.cz\\\/index.php\\\/en\\\/2022\\\/05\\\/20\\\/spring-news-from-mladejovice\\\/#article\",\"isPartOf\":{\"@id\":\"https:\\\/\\\/www.tvrzmladejovice.cz\\\/index.php\\\/en\\\/2022\\\/05\\\/20\\\/spring-news-from-mladejovice\\\/\"},\"author\":{\"name\":\"Michal Hradeck\u00fd\",\"@id\":\"https:\\\/\\\/www.tvrzmladejovice.cz\\\/#\\\/schema\\\/person\\\/73ce82a51d797792f4b764f91f04660e\"},\"headline\":\"Spring news from Mlad\u011bjovice\",\"datePublished\":\"2022-05-20T16:08:00+00:00\",\"dateModified\":\"2022-08-05T16:19:51+00:00\",\"mainEntityOfPage\":{\"@id\":\"https:\\\/\\\/www.tvrzmladejovice.cz\\\/index.php\\\/en\\\/2022\\\/05\\\/20\\\/spring-news-from-mladejovice\\\/\"},\"wordCount\":214,\"publisher\":{\"@id\":\"https:\\\/\\\/www.tvrzmladejovice.cz\\\/#organization\"},\"image\":{\"@id\":\"https:\\\/\\\/www.tvrzmladejovice.cz\\\/index.php\\\/en\\\/2022\\\/05\\\/20\\\/spring-news-from-mladejovice\\\/#primaryimage\"},\"thumbnailUrl\":\"https:\\\/\\\/www.tvrzmladejovice.cz\\\/wp-content\\\/uploads\\\/2022\\\/05\\\/035.jpg\",\"articleSection\":[\"News\"],\"inLanguage\":\"cs\"},{\"@type\":\"WebPage\",\"@id\":\"https:\\\/\\\/www.tvrzmladejovice.cz\\\/index.php\\\/en\\\/2022\\\/05\\\/20\\\/spring-news-from-mladejovice\\\/\",\"url\":\"https:\\\/\\\/www.tvrzmladejovice.cz\\\/index.php\\\/en\\\/2022\\\/05\\\/20\\\/spring-news-from-mladejovice\\\/\",\"name\":\"Spring news from Mlad\u011bjovice - Mlad\u011bjovice Mansion\",\"isPartOf\":{\"@id\":\"https:\\\/\\\/www.tvrzmladejovice.cz\\\/#website\"},\"primaryImageOfPage\":{\"@id\":\"https:\\\/\\\/www.tvrzmladejovice.cz\\\/index.php\\\/en\\\/2022\\\/05\\\/20\\\/spring-news-from-mladejovice\\\/#primaryimage\"},\"image\":{\"@id\":\"https:\\\/\\\/www.tvrzmladejovice.cz\\\/index.php\\\/en\\\/2022\\\/05\\\/20\\\/spring-news-from-mladejovice\\\/#primaryimage\"},\"thumbnailUrl\":\"https:\\\/\\\/www.tvrzmladejovice.cz\\\/wp-content\\\/uploads\\\/2022\\\/05\\\/035.jpg\",\"datePublished\":\"2022-05-20T16:08:00+00:00\",\"dateModified\":\"2022-08-05T16:19:51+00:00\",\"description\":\"Na ja\u0159e n\u00e1m to roste, kv\u00e1k\u00e1 a v neposledn\u00ed \u0159ad\u011b bzu\u010d\u00ed...\",\"breadcrumb\":{\"@id\":\"https:\\\/\\\/www.tvrzmladejovice.cz\\\/index.php\\\/en\\\/2022\\\/05\\\/20\\\/spring-news-from-mladejovice\\\/#breadcrumb\"},\"inLanguage\":\"cs\",\"potentialAction\":[{\"@type\":\"ReadAction\",\"target\":[\"https:\\\/\\\/www.tvrzmladejovice.cz\\\/index.php\\\/en\\\/2022\\\/05\\\/20\\\/spring-news-from-mladejovice\\\/\"]}]},{\"@type\":\"ImageObject\",\"inLanguage\":\"cs\",\"@id\":\"https:\\\/\\\/www.tvrzmladejovice.cz\\\/index.php\\\/en\\\/2022\\\/05\\\/20\\\/spring-news-from-mladejovice\\\/#primaryimage\",\"url\":\"https:\\\/\\\/www.tvrzmladejovice.cz\\\/wp-content\\\/uploads\\\/2022\\\/05\\\/035.jpg\",\"contentUrl\":\"https:\\\/\\\/www.tvrzmladejovice.cz\\\/wp-content\\\/uploads\\\/2022\\\/05\\\/035.jpg\",\"width\":1920,\"height\":1280},{\"@type\":\"BreadcrumbList\",\"@id\":\"https:\\\/\\\/www.tvrzmladejovice.cz\\\/index.php\\\/en\\\/2022\\\/05\\\/20\\\/spring-news-from-mladejovice\\\/#breadcrumb\",\"itemListElement\":[{\"@type\":\"ListItem\",\"position\":1,\"name\":\"Dom\u016f\",\"item\":\"https:\\\/\\\/www.tvrzmladejovice.cz\\\/\"},{\"@type\":\"ListItem\",\"position\":2,\"name\":\"Spring news from Mlad\u011bjovice\"}]},{\"@type\":\"WebSite\",\"@id\":\"https:\\\/\\\/www.tvrzmladejovice.cz\\\/#website\",\"url\":\"https:\\\/\\\/www.tvrzmladejovice.cz\\\/\",\"name\":\"Mlad\u011bjovice Mansion\",\"description\":\"Historie a sou\u010dasnost pozdn\u011b gotick\u00e9ho s\u00eddla\",\"publisher\":{\"@id\":\"https:\\\/\\\/www.tvrzmladejovice.cz\\\/#organization\"},\"potentialAction\":[{\"@type\":\"SearchAction\",\"target\":{\"@type\":\"EntryPoint\",\"urlTemplate\":\"https:\\\/\\\/www.tvrzmladejovice.cz\\\/?s={search_term_string}\"},\"query-input\":{\"@type\":\"PropertyValueSpecification\",\"valueRequired\":true,\"valueName\":\"search_term_string\"}}],\"inLanguage\":\"cs\"},{\"@type\":\"Organization\",\"@id\":\"https:\\\/\\\/www.tvrzmladejovice.cz\\\/#organization\",\"name\":\"Mlad\u011bjovice Mansion\",\"url\":\"https:\\\/\\\/www.tvrzmladejovice.cz\\\/\",\"logo\":{\"@type\":\"ImageObject\",\"inLanguage\":\"cs\",\"@id\":\"https:\\\/\\\/www.tvrzmladejovice.cz\\\/#\\\/schema\\\/logo\\\/image\\\/\",\"url\":\"https:\\\/\\\/www.tvrzmladejovice.cz\\\/wp-content\\\/uploads\\\/2023\\\/04\\\/znak_barva.png\",\"contentUrl\":\"https:\\\/\\\/www.tvrzmladejovice.cz\\\/wp-content\\\/uploads\\\/2023\\\/04\\\/znak_barva.png\",\"width\":1257,\"height\":1635,\"caption\":\"Mlad\u011bjovice Mansion\"},\"image\":{\"@id\":\"https:\\\/\\\/www.tvrzmladejovice.cz\\\/#\\\/schema\\\/logo\\\/image\\\/\"}},{\"@type\":\"Person\",\"@id\":\"https:\\\/\\\/www.tvrzmladejovice.cz\\\/#\\\/schema\\\/person\\\/73ce82a51d797792f4b764f91f04660e\",\"name\":\"Michal Hradeck\u00fd\",\"image\":{\"@type\":\"ImageObject\",\"inLanguage\":\"cs\",\"@id\":\"https:\\\/\\\/secure.gravatar.com\\\/avatar\\\/94aedd169f1db9420f2c3f06c0b78fa03472dea2260a5bb9092c466dc8418b83?s=96&d=mm&r=g\",\"url\":\"https:\\\/\\\/secure.gravatar.com\\\/avatar\\\/94aedd169f1db9420f2c3f06c0b78fa03472dea2260a5bb9092c466dc8418b83?s=96&d=mm&r=g\",\"contentUrl\":\"https:\\\/\\\/secure.gravatar.com\\\/avatar\\\/94aedd169f1db9420f2c3f06c0b78fa03472dea2260a5bb9092c466dc8418b83?s=96&d=mm&r=g\",\"caption\":\"Michal Hradeck\u00fd\"},\"url\":\"https:\\\/\\\/www.tvrzmladejovice.cz\\\/index.php\\\/author\\\/misak\\\/\"}]}<\/script>\n<!-- \/ Yoast SEO plugin. -->","yoast_head_json":{"title":"Spring news from Mlad\u011bjovice - Mlad\u011bjovice Mansion","description":"Na ja\u0159e n\u00e1m to roste, kv\u00e1k\u00e1 a v neposledn\u00ed \u0159ad\u011b bzu\u010d\u00ed...","robots":{"index":"index","follow":"follow","max-snippet":"max-snippet:-1","max-image-preview":"max-image-preview:large","max-video-preview":"max-video-preview:-1"},"canonical":"https:\/\/www.tvrzmladejovice.cz\/index.php\/en\/2022\/05\/20\/spring-news-from-mladejovice\/","og_locale":"cs_CZ","og_type":"article","og_title":"Spring news from Mlad\u011bjovice - Mlad\u011bjovice Mansion","og_description":"Na ja\u0159e n\u00e1m to roste, kv\u00e1k\u00e1 a v neposledn\u00ed \u0159ad\u011b bzu\u010d\u00ed...","og_url":"https:\/\/www.tvrzmladejovice.cz\/index.php\/en\/2022\/05\/20\/spring-news-from-mladejovice\/","og_site_name":"Mlad\u011bjovice Mansion","article_published_time":"2022-05-20T16:08:00+00:00","article_modified_time":"2022-08-05T16:19:51+00:00","og_image":[{"width":1920,"height":1280,"url":"https:\/\/www.tvrzmladejovice.cz\/wp-content\/uploads\/2022\/05\/035.jpg","type":"image\/jpeg"}],"author":"Michal Hradeck\u00fd","twitter_card":"summary_large_image","twitter_misc":{"Napsal(a)":"Michal Hradeck\u00fd","Odhadovan\u00e1 doba \u010dten\u00ed":"1 minuta"},"schema":{"@context":"https:\/\/schema.org","@graph":[{"@type":"Article","@id":"https:\/\/www.tvrzmladejovice.cz\/index.php\/en\/2022\/05\/20\/spring-news-from-mladejovice\/#article","isPartOf":{"@id":"https:\/\/www.tvrzmladejovice.cz\/index.php\/en\/2022\/05\/20\/spring-news-from-mladejovice\/"},"author":{"name":"Michal Hradeck\u00fd","@id":"https:\/\/www.tvrzmladejovice.cz\/#\/schema\/person\/73ce82a51d797792f4b764f91f04660e"},"headline":"Spring news from Mlad\u011bjovice","datePublished":"2022-05-20T16:08:00+00:00","dateModified":"2022-08-05T16:19:51+00:00","mainEntityOfPage":{"@id":"https:\/\/www.tvrzmladejovice.cz\/index.php\/en\/2022\/05\/20\/spring-news-from-mladejovice\/"},"wordCount":214,"publisher":{"@id":"https:\/\/www.tvrzmladejovice.cz\/#organization"},"image":{"@id":"https:\/\/www.tvrzmladejovice.cz\/index.php\/en\/2022\/05\/20\/spring-news-from-mladejovice\/#primaryimage"},"thumbnailUrl":"https:\/\/www.tvrzmladejovice.cz\/wp-content\/uploads\/2022\/05\/035.jpg","articleSection":["News"],"inLanguage":"cs"},{"@type":"WebPage","@id":"https:\/\/www.tvrzmladejovice.cz\/index.php\/en\/2022\/05\/20\/spring-news-from-mladejovice\/","url":"https:\/\/www.tvrzmladejovice.cz\/index.php\/en\/2022\/05\/20\/spring-news-from-mladejovice\/","name":"Spring news from Mlad\u011bjovice - Mlad\u011bjovice Mansion","isPartOf":{"@id":"https:\/\/www.tvrzmladejovice.cz\/#website"},"primaryImageOfPage":{"@id":"https:\/\/www.tvrzmladejovice.cz\/index.php\/en\/2022\/05\/20\/spring-news-from-mladejovice\/#primaryimage"},"image":{"@id":"https:\/\/www.tvrzmladejovice.cz\/index.php\/en\/2022\/05\/20\/spring-news-from-mladejovice\/#primaryimage"},"thumbnailUrl":"https:\/\/www.tvrzmladejovice.cz\/wp-content\/uploads\/2022\/05\/035.jpg","datePublished":"2022-05-20T16:08:00+00:00","dateModified":"2022-08-05T16:19:51+00:00","description":"Na ja\u0159e n\u00e1m to roste, kv\u00e1k\u00e1 a v neposledn\u00ed \u0159ad\u011b bzu\u010d\u00ed...","breadcrumb":{"@id":"https:\/\/www.tvrzmladejovice.cz\/index.php\/en\/2022\/05\/20\/spring-news-from-mladejovice\/#breadcrumb"},"inLanguage":"cs","potentialAction":[{"@type":"ReadAction","target":["https:\/\/www.tvrzmladejovice.cz\/index.php\/en\/2022\/05\/20\/spring-news-from-mladejovice\/"]}]},{"@type":"ImageObject","inLanguage":"cs","@id":"https:\/\/www.tvrzmladejovice.cz\/index.php\/en\/2022\/05\/20\/spring-news-from-mladejovice\/#primaryimage","url":"https:\/\/www.tvrzmladejovice.cz\/wp-content\/uploads\/2022\/05\/035.jpg","contentUrl":"https:\/\/www.tvrzmladejovice.cz\/wp-content\/uploads\/2022\/05\/035.jpg","width":1920,"height":1280},{"@type":"BreadcrumbList","@id":"https:\/\/www.tvrzmladejovice.cz\/index.php\/en\/2022\/05\/20\/spring-news-from-mladejovice\/#breadcrumb","itemListElement":[{"@type":"ListItem","position":1,"name":"Dom\u016f","item":"https:\/\/www.tvrzmladejovice.cz\/"},{"@type":"ListItem","position":2,"name":"Spring news from Mlad\u011bjovice"}]},{"@type":"WebSite","@id":"https:\/\/www.tvrzmladejovice.cz\/#website","url":"https:\/\/www.tvrzmladejovice.cz\/","name":"Mlad\u011bjovice Mansion","description":"Historie a sou\u010dasnost pozdn\u011b gotick\u00e9ho s\u00eddla","publisher":{"@id":"https:\/\/www.tvrzmladejovice.cz\/#organization"},"potentialAction":[{"@type":"SearchAction","target":{"@type":"EntryPoint","urlTemplate":"https:\/\/www.tvrzmladejovice.cz\/?s={search_term_string}"},"query-input":{"@type":"PropertyValueSpecification","valueRequired":true,"valueName":"search_term_string"}}],"inLanguage":"cs"},{"@type":"Organization","@id":"https:\/\/www.tvrzmladejovice.cz\/#organization","name":"Mlad\u011bjovice Mansion","url":"https:\/\/www.tvrzmladejovice.cz\/","logo":{"@type":"ImageObject","inLanguage":"cs","@id":"https:\/\/www.tvrzmladejovice.cz\/#\/schema\/logo\/image\/","url":"https:\/\/www.tvrzmladejovice.cz\/wp-content\/uploads\/2023\/04\/znak_barva.png","contentUrl":"https:\/\/www.tvrzmladejovice.cz\/wp-content\/uploads\/2023\/04\/znak_barva.png","width":1257,"height":1635,"caption":"Mlad\u011bjovice Mansion"},"image":{"@id":"https:\/\/www.tvrzmladejovice.cz\/#\/schema\/logo\/image\/"}},{"@type":"Person","@id":"https:\/\/www.tvrzmladejovice.cz\/#\/schema\/person\/73ce82a51d797792f4b764f91f04660e","name":"Michal Hradeck\u00fd","image":{"@type":"ImageObject","inLanguage":"cs","@id":"https:\/\/secure.gravatar.com\/avatar\/94aedd169f1db9420f2c3f06c0b78fa03472dea2260a5bb9092c466dc8418b83?s=96&d=mm&r=g","url":"https:\/\/secure.gravatar.com\/avatar\/94aedd169f1db9420f2c3f06c0b78fa03472dea2260a5bb9092c466dc8418b83?s=96&d=mm&r=g","contentUrl":"https:\/\/secure.gravatar.com\/avatar\/94aedd169f1db9420f2c3f06c0b78fa03472dea2260a5bb9092c466dc8418b83?s=96&d=mm&r=g","caption":"Michal Hradeck\u00fd"},"url":"https:\/\/www.tvrzmladejovice.cz\/index.php\/author\/misak\/"}]}},"_links":{"self":[{"href":"https:\/\/www.tvrzmladejovice.cz\/index.php\/wp-json\/wp\/v2\/posts\/1261","targetHints":{"allow":["GET"]}}],"collection":[{"href":"https:\/\/www.tvrzmladejovice.cz\/index.php\/wp-json\/wp\/v2\/posts"}],"about":[{"href":"https:\/\/www.tvrzmladejovice.cz\/index.php\/wp-json\/wp\/v2\/types\/post"}],"author":[{"embeddable":true,"href":"https:\/\/www.tvrzmladejovice.cz\/index.php\/wp-json\/wp\/v2\/users\/2"}],"replies":[{"embeddable":true,"href":"https:\/\/www.tvrzmladejovice.cz\/index.php\/wp-json\/wp\/v2\/comments?post=1261"}],"version-history":[{"count":0,"href":"https:\/\/www.tvrzmladejovice.cz\/index.php\/wp-json\/wp\/v2\/posts\/1261\/revisions"}],"wp:featuredmedia":[{"embeddable":true,"href":"https:\/\/www.tvrzmladejovice.cz\/index.php\/wp-json\/wp\/v2\/media\/1258"}],"wp:attachment":[{"href":"https:\/\/www.tvrzmladejovice.cz\/index.php\/wp-json\/wp\/v2\/media?parent=1261"}],"wp:term":[{"taxonomy":"category","embeddable":true,"href":"https:\/\/www.tvrzmladejovice.cz\/index.php\/wp-json\/wp\/v2\/categories?post=1261"},{"taxonomy":"post_tag","embeddable":true,"href":"https:\/\/www.tvrzmladejovice.cz\/index.php\/wp-json\/wp\/v2\/tags?post=1261"}],"curies":[{"name":"wp","href":"https:\/\/api.w.org\/{rel}","templated":true}]}}