{"id":433,"date":"2021-10-25T08:34:30","date_gmt":"2021-10-25T08:34:30","guid":{"rendered":"https:\/\/www.tvrzmladejovice.cz\/?p=433"},"modified":"2021-10-25T08:34:32","modified_gmt":"2021-10-25T08:34:32","slug":"press-conference-on-3-november-2021","status":"publish","type":"post","link":"https:\/\/www.tvrzmladejovice.cz\/index.php\/en\/2021\/10\/25\/press-conference-on-3-november-2021\/","title":{"rendered":"Press conference on 3\u00a0November 2021"},"content":{"rendered":"\n<p>We would like to cordially invite you to a press conference that will be held on Wednesday, 3&nbsp;November 2021 at 10.00 a.m. on the premises of the Mlad\u011bjovice Mansion at the above address; the site is under renovation as part of the \u201cReconstruction of the Mlad\u011bjovice Fortress\u201d project, with the support from the EEA Funds (2014-2021), Ministry of Culture, South Bohemia Region and our civic association. The site will be converted to a cultural centre and museum.&nbsp;<\/p>\n\n\n\n<p>On the spot, we will inform you briefly about the history of the place, the future project and activities of the cultural centre and garden, including the equipment, and we will introduce our partners.&nbsp;<\/p>\n\n\n\n<p>The conference will be accompanied by an exhibition of projects and activities of our partners and will be concluded by a performance of local bagpipe music band from the Strakonice Primary Art School \u201cDud\u00e1ck\u00e1 kapela ZU\u0160 Strakonice\u201d.<\/p>\n\n\n\n<p>The conference will be attended by His Excellency, ambassador of the Kingdom of Norway to the Czech Republic, Robert Kvile, representatives of the International Relations Dept. of the Czech Ministry of Finance, representatives of the Czech Ministry of Culture and representatives of local and regional governments and of our partners from the Czech Republic.<\/p>\n\n\n\n<p>Please note there is a weak mobile signal inside the mansion but there will be internet connection and a fixed telephone line available.<\/p>\n\n\n\n<p>We hope the current epidemiological situation will not become more serious and that we will be able to hold the event without stricter government restrictions.<\/p>\n\n\n\n<p>On behalf of the Civic Association for the Rescue and Conservation of the Mlad\u011bjovice Mansion and Former Fortress (OSTM)<\/p>\n\n\n\n<p>Durych spouses<\/p>\n","protected":false},"excerpt":{"rendered":"<p>We would like to cordially invite you to a press conference that will be held on Wednesday, 3&nbsp;November 2021 at 10.00 a.m. on the premises of the Mlad\u011bjovice Mansion at the above address; the site is under renovation as part of the \u201cReconstruction of the Mlad\u011bjovice Fortress\u201d project, with the support from the EEA Funds [&hellip;]<\/p>\n","protected":false},"author":2,"featured_media":434,"comment_status":"closed","ping_status":"open","sticky":false,"template":"","format":"standard","meta":{"iawp_total_views":1,"footnotes":""},"categories":[42],"tags":[],"class_list":["post-433","post","type-post","status-publish","format-standard","has-post-thumbnail","hentry","category-events"],"yoast_head":"<!-- This site is optimized with the Yoast SEO plugin v27.5 - https:\/\/yoast.com\/product\/yoast-seo-wordpress\/ -->\n<title>Press conference on 3\u00a0November 2021 - Mlad\u011bjovice Mansion<\/title>\n<meta name=\"robots\" content=\"index, follow, max-snippet:-1, max-image-preview:large, max-video-preview:-1\" \/>\n<link rel=\"canonical\" href=\"https:\/\/www.tvrzmladejovice.cz\/index.php\/en\/2021\/10\/25\/press-conference-on-3-november-2021\/\" \/>\n<meta property=\"og:locale\" content=\"cs_CZ\" \/>\n<meta property=\"og:type\" content=\"article\" \/>\n<meta property=\"og:title\" content=\"Press conference on 3\u00a0November 2021 - Mlad\u011bjovice Mansion\" \/>\n<meta property=\"og:description\" content=\"We would like to cordially invite you to a press conference that will be held on Wednesday, 3&nbsp;November 2021 at 10.00 a.m. on the premises of the Mlad\u011bjovice Mansion at the above address; the site is under renovation as part of the \u201cReconstruction of the Mlad\u011bjovice Fortress\u201d project, with the support from the EEA Funds [&hellip;]\" \/>\n<meta property=\"og:url\" content=\"https:\/\/www.tvrzmladejovice.cz\/index.php\/en\/2021\/10\/25\/press-conference-on-3-november-2021\/\" \/>\n<meta property=\"og:site_name\" content=\"Mlad\u011bjovice Mansion\" \/>\n<meta property=\"article:published_time\" content=\"2021-10-25T08:34:30+00:00\" \/>\n<meta property=\"article:modified_time\" content=\"2021-10-25T08:34:32+00:00\" \/>\n<meta property=\"og:image\" content=\"https:\/\/www.tvrzmladejovice.cz\/wp-content\/uploads\/2021\/10\/Snimek-z-2021-10-25-10-24-50-1-e1635150707692.png\" \/>\n\t<meta property=\"og:image:width\" content=\"281\" \/>\n\t<meta property=\"og:image:height\" content=\"300\" \/>\n\t<meta property=\"og:image:type\" content=\"image\/png\" \/>\n<meta name=\"author\" content=\"Michal Hradeck\u00fd\" \/>\n<meta name=\"twitter:card\" content=\"summary_large_image\" \/>\n<meta name=\"twitter:label1\" content=\"Napsal(a)\" \/>\n\t<meta name=\"twitter:data1\" content=\"Michal Hradeck\u00fd\" \/>\n\t<meta name=\"twitter:label2\" content=\"Odhadovan\u00e1 doba \u010dten\u00ed\" \/>\n\t<meta name=\"twitter:data2\" content=\"2 minuty\" \/>\n<script type=\"application\/ld+json\" class=\"yoast-schema-graph\">{\"@context\":\"https:\\\/\\\/schema.org\",\"@graph\":[{\"@type\":\"Article\",\"@id\":\"https:\\\/\\\/www.tvrzmladejovice.cz\\\/index.php\\\/en\\\/2021\\\/10\\\/25\\\/press-conference-on-3-november-2021\\\/#article\",\"isPartOf\":{\"@id\":\"https:\\\/\\\/www.tvrzmladejovice.cz\\\/index.php\\\/en\\\/2021\\\/10\\\/25\\\/press-conference-on-3-november-2021\\\/\"},\"author\":{\"name\":\"Michal Hradeck\u00fd\",\"@id\":\"https:\\\/\\\/www.tvrzmladejovice.cz\\\/#\\\/schema\\\/person\\\/73ce82a51d797792f4b764f91f04660e\"},\"headline\":\"Press conference on 3\u00a0November 2021\",\"datePublished\":\"2021-10-25T08:34:30+00:00\",\"dateModified\":\"2021-10-25T08:34:32+00:00\",\"mainEntityOfPage\":{\"@id\":\"https:\\\/\\\/www.tvrzmladejovice.cz\\\/index.php\\\/en\\\/2021\\\/10\\\/25\\\/press-conference-on-3-november-2021\\\/\"},\"wordCount\":281,\"publisher\":{\"@id\":\"https:\\\/\\\/www.tvrzmladejovice.cz\\\/#organization\"},\"image\":{\"@id\":\"https:\\\/\\\/www.tvrzmladejovice.cz\\\/index.php\\\/en\\\/2021\\\/10\\\/25\\\/press-conference-on-3-november-2021\\\/#primaryimage\"},\"thumbnailUrl\":\"https:\\\/\\\/www.tvrzmladejovice.cz\\\/wp-content\\\/uploads\\\/2021\\\/10\\\/Snimek-z-2021-10-25-10-24-50-1-e1635150707692.png\",\"articleSection\":[\"Events\"],\"inLanguage\":\"cs\"},{\"@type\":\"WebPage\",\"@id\":\"https:\\\/\\\/www.tvrzmladejovice.cz\\\/index.php\\\/en\\\/2021\\\/10\\\/25\\\/press-conference-on-3-november-2021\\\/\",\"url\":\"https:\\\/\\\/www.tvrzmladejovice.cz\\\/index.php\\\/en\\\/2021\\\/10\\\/25\\\/press-conference-on-3-november-2021\\\/\",\"name\":\"Press conference on 3\u00a0November 2021 - Mlad\u011bjovice Mansion\",\"isPartOf\":{\"@id\":\"https:\\\/\\\/www.tvrzmladejovice.cz\\\/#website\"},\"primaryImageOfPage\":{\"@id\":\"https:\\\/\\\/www.tvrzmladejovice.cz\\\/index.php\\\/en\\\/2021\\\/10\\\/25\\\/press-conference-on-3-november-2021\\\/#primaryimage\"},\"image\":{\"@id\":\"https:\\\/\\\/www.tvrzmladejovice.cz\\\/index.php\\\/en\\\/2021\\\/10\\\/25\\\/press-conference-on-3-november-2021\\\/#primaryimage\"},\"thumbnailUrl\":\"https:\\\/\\\/www.tvrzmladejovice.cz\\\/wp-content\\\/uploads\\\/2021\\\/10\\\/Snimek-z-2021-10-25-10-24-50-1-e1635150707692.png\",\"datePublished\":\"2021-10-25T08:34:30+00:00\",\"dateModified\":\"2021-10-25T08:34:32+00:00\",\"breadcrumb\":{\"@id\":\"https:\\\/\\\/www.tvrzmladejovice.cz\\\/index.php\\\/en\\\/2021\\\/10\\\/25\\\/press-conference-on-3-november-2021\\\/#breadcrumb\"},\"inLanguage\":\"cs\",\"potentialAction\":[{\"@type\":\"ReadAction\",\"target\":[\"https:\\\/\\\/www.tvrzmladejovice.cz\\\/index.php\\\/en\\\/2021\\\/10\\\/25\\\/press-conference-on-3-november-2021\\\/\"]}]},{\"@type\":\"ImageObject\",\"inLanguage\":\"cs\",\"@id\":\"https:\\\/\\\/www.tvrzmladejovice.cz\\\/index.php\\\/en\\\/2021\\\/10\\\/25\\\/press-conference-on-3-november-2021\\\/#primaryimage\",\"url\":\"https:\\\/\\\/www.tvrzmladejovice.cz\\\/wp-content\\\/uploads\\\/2021\\\/10\\\/Snimek-z-2021-10-25-10-24-50-1-e1635150707692.png\",\"contentUrl\":\"https:\\\/\\\/www.tvrzmladejovice.cz\\\/wp-content\\\/uploads\\\/2021\\\/10\\\/Snimek-z-2021-10-25-10-24-50-1-e1635150707692.png\",\"width\":281,\"height\":300},{\"@type\":\"BreadcrumbList\",\"@id\":\"https:\\\/\\\/www.tvrzmladejovice.cz\\\/index.php\\\/en\\\/2021\\\/10\\\/25\\\/press-conference-on-3-november-2021\\\/#breadcrumb\",\"itemListElement\":[{\"@type\":\"ListItem\",\"position\":1,\"name\":\"Dom\u016f\",\"item\":\"https:\\\/\\\/www.tvrzmladejovice.cz\\\/\"},{\"@type\":\"ListItem\",\"position\":2,\"name\":\"Press conference on 3\u00a0November 2021\"}]},{\"@type\":\"WebSite\",\"@id\":\"https:\\\/\\\/www.tvrzmladejovice.cz\\\/#website\",\"url\":\"https:\\\/\\\/www.tvrzmladejovice.cz\\\/\",\"name\":\"Mlad\u011bjovice Mansion\",\"description\":\"Historie a sou\u010dasnost pozdn\u011b gotick\u00e9ho s\u00eddla\",\"publisher\":{\"@id\":\"https:\\\/\\\/www.tvrzmladejovice.cz\\\/#organization\"},\"potentialAction\":[{\"@type\":\"SearchAction\",\"target\":{\"@type\":\"EntryPoint\",\"urlTemplate\":\"https:\\\/\\\/www.tvrzmladejovice.cz\\\/?s={search_term_string}\"},\"query-input\":{\"@type\":\"PropertyValueSpecification\",\"valueRequired\":true,\"valueName\":\"search_term_string\"}}],\"inLanguage\":\"cs\"},{\"@type\":\"Organization\",\"@id\":\"https:\\\/\\\/www.tvrzmladejovice.cz\\\/#organization\",\"name\":\"Mlad\u011bjovice Mansion\",\"url\":\"https:\\\/\\\/www.tvrzmladejovice.cz\\\/\",\"logo\":{\"@type\":\"ImageObject\",\"inLanguage\":\"cs\",\"@id\":\"https:\\\/\\\/www.tvrzmladejovice.cz\\\/#\\\/schema\\\/logo\\\/image\\\/\",\"url\":\"https:\\\/\\\/www.tvrzmladejovice.cz\\\/wp-content\\\/uploads\\\/2023\\\/04\\\/znak_barva.png\",\"contentUrl\":\"https:\\\/\\\/www.tvrzmladejovice.cz\\\/wp-content\\\/uploads\\\/2023\\\/04\\\/znak_barva.png\",\"width\":1257,\"height\":1635,\"caption\":\"Mlad\u011bjovice Mansion\"},\"image\":{\"@id\":\"https:\\\/\\\/www.tvrzmladejovice.cz\\\/#\\\/schema\\\/logo\\\/image\\\/\"}},{\"@type\":\"Person\",\"@id\":\"https:\\\/\\\/www.tvrzmladejovice.cz\\\/#\\\/schema\\\/person\\\/73ce82a51d797792f4b764f91f04660e\",\"name\":\"Michal Hradeck\u00fd\",\"image\":{\"@type\":\"ImageObject\",\"inLanguage\":\"cs\",\"@id\":\"https:\\\/\\\/secure.gravatar.com\\\/avatar\\\/94aedd169f1db9420f2c3f06c0b78fa03472dea2260a5bb9092c466dc8418b83?s=96&d=mm&r=g\",\"url\":\"https:\\\/\\\/secure.gravatar.com\\\/avatar\\\/94aedd169f1db9420f2c3f06c0b78fa03472dea2260a5bb9092c466dc8418b83?s=96&d=mm&r=g\",\"contentUrl\":\"https:\\\/\\\/secure.gravatar.com\\\/avatar\\\/94aedd169f1db9420f2c3f06c0b78fa03472dea2260a5bb9092c466dc8418b83?s=96&d=mm&r=g\",\"caption\":\"Michal Hradeck\u00fd\"},\"url\":\"https:\\\/\\\/www.tvrzmladejovice.cz\\\/index.php\\\/author\\\/misak\\\/\"}]}<\/script>\n<!-- \/ Yoast SEO plugin. -->","yoast_head_json":{"title":"Press conference on 3\u00a0November 2021 - Mlad\u011bjovice Mansion","robots":{"index":"index","follow":"follow","max-snippet":"max-snippet:-1","max-image-preview":"max-image-preview:large","max-video-preview":"max-video-preview:-1"},"canonical":"https:\/\/www.tvrzmladejovice.cz\/index.php\/en\/2021\/10\/25\/press-conference-on-3-november-2021\/","og_locale":"cs_CZ","og_type":"article","og_title":"Press conference on 3\u00a0November 2021 - Mlad\u011bjovice Mansion","og_description":"We would like to cordially invite you to a press conference that will be held on Wednesday, 3&nbsp;November 2021 at 10.00 a.m. on the premises of the Mlad\u011bjovice Mansion at the above address; the site is under renovation as part of the \u201cReconstruction of the Mlad\u011bjovice Fortress\u201d project, with the support from the EEA Funds [&hellip;]","og_url":"https:\/\/www.tvrzmladejovice.cz\/index.php\/en\/2021\/10\/25\/press-conference-on-3-november-2021\/","og_site_name":"Mlad\u011bjovice Mansion","article_published_time":"2021-10-25T08:34:30+00:00","article_modified_time":"2021-10-25T08:34:32+00:00","og_image":[{"width":281,"height":300,"url":"https:\/\/www.tvrzmladejovice.cz\/wp-content\/uploads\/2021\/10\/Snimek-z-2021-10-25-10-24-50-1-e1635150707692.png","type":"image\/png"}],"author":"Michal Hradeck\u00fd","twitter_card":"summary_large_image","twitter_misc":{"Napsal(a)":"Michal Hradeck\u00fd","Odhadovan\u00e1 doba \u010dten\u00ed":"2 minuty"},"schema":{"@context":"https:\/\/schema.org","@graph":[{"@type":"Article","@id":"https:\/\/www.tvrzmladejovice.cz\/index.php\/en\/2021\/10\/25\/press-conference-on-3-november-2021\/#article","isPartOf":{"@id":"https:\/\/www.tvrzmladejovice.cz\/index.php\/en\/2021\/10\/25\/press-conference-on-3-november-2021\/"},"author":{"name":"Michal Hradeck\u00fd","@id":"https:\/\/www.tvrzmladejovice.cz\/#\/schema\/person\/73ce82a51d797792f4b764f91f04660e"},"headline":"Press conference on 3\u00a0November 2021","datePublished":"2021-10-25T08:34:30+00:00","dateModified":"2021-10-25T08:34:32+00:00","mainEntityOfPage":{"@id":"https:\/\/www.tvrzmladejovice.cz\/index.php\/en\/2021\/10\/25\/press-conference-on-3-november-2021\/"},"wordCount":281,"publisher":{"@id":"https:\/\/www.tvrzmladejovice.cz\/#organization"},"image":{"@id":"https:\/\/www.tvrzmladejovice.cz\/index.php\/en\/2021\/10\/25\/press-conference-on-3-november-2021\/#primaryimage"},"thumbnailUrl":"https:\/\/www.tvrzmladejovice.cz\/wp-content\/uploads\/2021\/10\/Snimek-z-2021-10-25-10-24-50-1-e1635150707692.png","articleSection":["Events"],"inLanguage":"cs"},{"@type":"WebPage","@id":"https:\/\/www.tvrzmladejovice.cz\/index.php\/en\/2021\/10\/25\/press-conference-on-3-november-2021\/","url":"https:\/\/www.tvrzmladejovice.cz\/index.php\/en\/2021\/10\/25\/press-conference-on-3-november-2021\/","name":"Press conference on 3\u00a0November 2021 - Mlad\u011bjovice Mansion","isPartOf":{"@id":"https:\/\/www.tvrzmladejovice.cz\/#website"},"primaryImageOfPage":{"@id":"https:\/\/www.tvrzmladejovice.cz\/index.php\/en\/2021\/10\/25\/press-conference-on-3-november-2021\/#primaryimage"},"image":{"@id":"https:\/\/www.tvrzmladejovice.cz\/index.php\/en\/2021\/10\/25\/press-conference-on-3-november-2021\/#primaryimage"},"thumbnailUrl":"https:\/\/www.tvrzmladejovice.cz\/wp-content\/uploads\/2021\/10\/Snimek-z-2021-10-25-10-24-50-1-e1635150707692.png","datePublished":"2021-10-25T08:34:30+00:00","dateModified":"2021-10-25T08:34:32+00:00","breadcrumb":{"@id":"https:\/\/www.tvrzmladejovice.cz\/index.php\/en\/2021\/10\/25\/press-conference-on-3-november-2021\/#breadcrumb"},"inLanguage":"cs","potentialAction":[{"@type":"ReadAction","target":["https:\/\/www.tvrzmladejovice.cz\/index.php\/en\/2021\/10\/25\/press-conference-on-3-november-2021\/"]}]},{"@type":"ImageObject","inLanguage":"cs","@id":"https:\/\/www.tvrzmladejovice.cz\/index.php\/en\/2021\/10\/25\/press-conference-on-3-november-2021\/#primaryimage","url":"https:\/\/www.tvrzmladejovice.cz\/wp-content\/uploads\/2021\/10\/Snimek-z-2021-10-25-10-24-50-1-e1635150707692.png","contentUrl":"https:\/\/www.tvrzmladejovice.cz\/wp-content\/uploads\/2021\/10\/Snimek-z-2021-10-25-10-24-50-1-e1635150707692.png","width":281,"height":300},{"@type":"BreadcrumbList","@id":"https:\/\/www.tvrzmladejovice.cz\/index.php\/en\/2021\/10\/25\/press-conference-on-3-november-2021\/#breadcrumb","itemListElement":[{"@type":"ListItem","position":1,"name":"Dom\u016f","item":"https:\/\/www.tvrzmladejovice.cz\/"},{"@type":"ListItem","position":2,"name":"Press conference on 3\u00a0November 2021"}]},{"@type":"WebSite","@id":"https:\/\/www.tvrzmladejovice.cz\/#website","url":"https:\/\/www.tvrzmladejovice.cz\/","name":"Mlad\u011bjovice Mansion","description":"Historie a sou\u010dasnost pozdn\u011b gotick\u00e9ho s\u00eddla","publisher":{"@id":"https:\/\/www.tvrzmladejovice.cz\/#organization"},"potentialAction":[{"@type":"SearchAction","target":{"@type":"EntryPoint","urlTemplate":"https:\/\/www.tvrzmladejovice.cz\/?s={search_term_string}"},"query-input":{"@type":"PropertyValueSpecification","valueRequired":true,"valueName":"search_term_string"}}],"inLanguage":"cs"},{"@type":"Organization","@id":"https:\/\/www.tvrzmladejovice.cz\/#organization","name":"Mlad\u011bjovice Mansion","url":"https:\/\/www.tvrzmladejovice.cz\/","logo":{"@type":"ImageObject","inLanguage":"cs","@id":"https:\/\/www.tvrzmladejovice.cz\/#\/schema\/logo\/image\/","url":"https:\/\/www.tvrzmladejovice.cz\/wp-content\/uploads\/2023\/04\/znak_barva.png","contentUrl":"https:\/\/www.tvrzmladejovice.cz\/wp-content\/uploads\/2023\/04\/znak_barva.png","width":1257,"height":1635,"caption":"Mlad\u011bjovice Mansion"},"image":{"@id":"https:\/\/www.tvrzmladejovice.cz\/#\/schema\/logo\/image\/"}},{"@type":"Person","@id":"https:\/\/www.tvrzmladejovice.cz\/#\/schema\/person\/73ce82a51d797792f4b764f91f04660e","name":"Michal Hradeck\u00fd","image":{"@type":"ImageObject","inLanguage":"cs","@id":"https:\/\/secure.gravatar.com\/avatar\/94aedd169f1db9420f2c3f06c0b78fa03472dea2260a5bb9092c466dc8418b83?s=96&d=mm&r=g","url":"https:\/\/secure.gravatar.com\/avatar\/94aedd169f1db9420f2c3f06c0b78fa03472dea2260a5bb9092c466dc8418b83?s=96&d=mm&r=g","contentUrl":"https:\/\/secure.gravatar.com\/avatar\/94aedd169f1db9420f2c3f06c0b78fa03472dea2260a5bb9092c466dc8418b83?s=96&d=mm&r=g","caption":"Michal Hradeck\u00fd"},"url":"https:\/\/www.tvrzmladejovice.cz\/index.php\/author\/misak\/"}]}},"_links":{"self":[{"href":"https:\/\/www.tvrzmladejovice.cz\/index.php\/wp-json\/wp\/v2\/posts\/433","targetHints":{"allow":["GET"]}}],"collection":[{"href":"https:\/\/www.tvrzmladejovice.cz\/index.php\/wp-json\/wp\/v2\/posts"}],"about":[{"href":"https:\/\/www.tvrzmladejovice.cz\/index.php\/wp-json\/wp\/v2\/types\/post"}],"author":[{"embeddable":true,"href":"https:\/\/www.tvrzmladejovice.cz\/index.php\/wp-json\/wp\/v2\/users\/2"}],"replies":[{"embeddable":true,"href":"https:\/\/www.tvrzmladejovice.cz\/index.php\/wp-json\/wp\/v2\/comments?post=433"}],"version-history":[{"count":0,"href":"https:\/\/www.tvrzmladejovice.cz\/index.php\/wp-json\/wp\/v2\/posts\/433\/revisions"}],"wp:featuredmedia":[{"embeddable":true,"href":"https:\/\/www.tvrzmladejovice.cz\/index.php\/wp-json\/wp\/v2\/media\/434"}],"wp:attachment":[{"href":"https:\/\/www.tvrzmladejovice.cz\/index.php\/wp-json\/wp\/v2\/media?parent=433"}],"wp:term":[{"taxonomy":"category","embeddable":true,"href":"https:\/\/www.tvrzmladejovice.cz\/index.php\/wp-json\/wp\/v2\/categories?post=433"},{"taxonomy":"post_tag","embeddable":true,"href":"https:\/\/www.tvrzmladejovice.cz\/index.php\/wp-json\/wp\/v2\/tags?post=433"}],"curies":[{"name":"wp","href":"https:\/\/api.w.org\/{rel}","templated":true}]}}