{"id":4937,"date":"2025-11-14T18:47:00","date_gmt":"2025-11-14T17:47:00","guid":{"rendered":"https:\/\/www.tvrzmladejovice.cz\/?p=4937"},"modified":"2025-11-18T13:01:12","modified_gmt":"2025-11-18T12:01:12","slug":"pozvanka-na-listopadove-akce","status":"publish","type":"post","link":"https:\/\/www.tvrzmladejovice.cz\/index.php\/2025\/11\/14\/pozvanka-na-listopadove-akce\/","title":{"rendered":"Pozv\u00e1nka na listopadov\u00e9 akce"},"content":{"rendered":"\n<p>V\u0161echny srde\u010dn\u011b zveme na nejbli\u017e\u0161\u00ed, ji\u017e tradi\u010dn\u00ed sobotn\u00ed akce.<\/p>\n\n\n\n<p>Poj\u010fte s n\u00e1mi na lampionov\u00fd pr\u016fvod 16. 11. 2025 nebo zdobit adventn\u00ed v\u011bnce 22. 11. 2025<\/p>\n\n\n\n<figure class=\"wp-block-image size-large\"><img fetchpriority=\"high\" decoding=\"async\" width=\"1024\" height=\"569\" src=\"https:\/\/www.tvrzmladejovice.cz\/wp-content\/uploads\/2025\/11\/Lampiony-2025-1024x569.jpeg\" alt=\"\" class=\"wp-image-4939\" srcset=\"https:\/\/www.tvrzmladejovice.cz\/wp-content\/uploads\/2025\/11\/Lampiony-2025-1024x569.jpeg 1024w, https:\/\/www.tvrzmladejovice.cz\/wp-content\/uploads\/2025\/11\/Lampiony-2025-300x167.jpeg 300w, https:\/\/www.tvrzmladejovice.cz\/wp-content\/uploads\/2025\/11\/Lampiony-2025-768x427.jpeg 768w, https:\/\/www.tvrzmladejovice.cz\/wp-content\/uploads\/2025\/11\/Lampiony-2025.jpeg 1220w\" sizes=\"(max-width: 1024px) 100vw, 1024px\" \/><\/figure>\n\n\n\n<figure class=\"wp-block-image size-large\"><img decoding=\"async\" width=\"725\" height=\"1024\" src=\"https:\/\/www.tvrzmladejovice.cz\/wp-content\/uploads\/2025\/11\/Vence-2025-725x1024.jpeg\" alt=\"\" class=\"wp-image-4940\" srcset=\"https:\/\/www.tvrzmladejovice.cz\/wp-content\/uploads\/2025\/11\/Vence-2025-725x1024.jpeg 725w, https:\/\/www.tvrzmladejovice.cz\/wp-content\/uploads\/2025\/11\/Vence-2025-213x300.jpeg 213w, https:\/\/www.tvrzmladejovice.cz\/wp-content\/uploads\/2025\/11\/Vence-2025-768x1084.jpeg 768w, https:\/\/www.tvrzmladejovice.cz\/wp-content\/uploads\/2025\/11\/Vence-2025.jpeg 1076w\" sizes=\"(max-width: 725px) 100vw, 725px\" \/><\/figure>\n","protected":false},"excerpt":{"rendered":"<p>V\u0161echny srde\u010dn\u011b zveme na nejbli\u017e\u0161\u00ed, ji\u017e tradi\u010dn\u00ed sobotn\u00ed akce. Poj\u010fte s n\u00e1mi na lampionov\u00fd pr\u016fvod 16. 11. 2025 nebo zdobit adventn\u00ed v\u011bnce 22. 11. 2025<\/p>\n","protected":false},"author":2,"featured_media":4942,"comment_status":"closed","ping_status":"open","sticky":false,"template":"","format":"standard","meta":{"iawp_total_views":24,"footnotes":""},"categories":[18],"tags":[],"class_list":["post-4937","post","type-post","status-publish","format-standard","has-post-thumbnail","hentry","category-akce"],"yoast_head":"<!-- This site is optimized with the Yoast SEO plugin v27.5 - https:\/\/yoast.com\/product\/yoast-seo-wordpress\/ -->\n<title>Pozv\u00e1nka na listopadov\u00e9 akce - Mlad\u011bjovice Mansion<\/title>\n<meta name=\"robots\" content=\"index, follow, max-snippet:-1, max-image-preview:large, max-video-preview:-1\" \/>\n<link rel=\"canonical\" href=\"https:\/\/www.tvrzmladejovice.cz\/index.php\/2025\/11\/14\/pozvanka-na-listopadove-akce\/\" \/>\n<meta property=\"og:locale\" content=\"cs_CZ\" \/>\n<meta property=\"og:type\" content=\"article\" \/>\n<meta property=\"og:title\" content=\"Pozv\u00e1nka na listopadov\u00e9 akce - Mlad\u011bjovice Mansion\" \/>\n<meta property=\"og:description\" content=\"V\u0161echny srde\u010dn\u011b zveme na nejbli\u017e\u0161\u00ed, ji\u017e tradi\u010dn\u00ed sobotn\u00ed akce. Poj\u010fte s n\u00e1mi na lampionov\u00fd pr\u016fvod 16. 11. 2025 nebo zdobit adventn\u00ed v\u011bnce 22. 11. 2025\" \/>\n<meta property=\"og:url\" content=\"https:\/\/www.tvrzmladejovice.cz\/index.php\/2025\/11\/14\/pozvanka-na-listopadove-akce\/\" \/>\n<meta property=\"og:site_name\" content=\"Mlad\u011bjovice Mansion\" \/>\n<meta property=\"article:published_time\" content=\"2025-11-14T17:47:00+00:00\" \/>\n<meta property=\"article:modified_time\" content=\"2025-11-18T12:01:12+00:00\" \/>\n<meta property=\"og:image\" content=\"https:\/\/www.tvrzmladejovice.cz\/wp-content\/uploads\/2025\/11\/svatomartin-2025-1024x683.png\" \/>\n\t<meta property=\"og:image:width\" content=\"1024\" \/>\n\t<meta property=\"og:image:height\" content=\"683\" \/>\n\t<meta property=\"og:image:type\" content=\"image\/png\" \/>\n<meta name=\"author\" content=\"Michal Hradeck\u00fd\" \/>\n<meta name=\"twitter:card\" content=\"summary_large_image\" \/>\n<meta name=\"twitter:label1\" content=\"Napsal(a)\" \/>\n\t<meta name=\"twitter:data1\" content=\"Michal Hradeck\u00fd\" \/>\n<script type=\"application\/ld+json\" class=\"yoast-schema-graph\">{\"@context\":\"https:\\\/\\\/schema.org\",\"@graph\":[{\"@type\":\"Article\",\"@id\":\"https:\\\/\\\/www.tvrzmladejovice.cz\\\/index.php\\\/2025\\\/11\\\/14\\\/pozvanka-na-listopadove-akce\\\/#article\",\"isPartOf\":{\"@id\":\"https:\\\/\\\/www.tvrzmladejovice.cz\\\/index.php\\\/2025\\\/11\\\/14\\\/pozvanka-na-listopadove-akce\\\/\"},\"author\":{\"name\":\"Michal Hradeck\u00fd\",\"@id\":\"https:\\\/\\\/www.tvrzmladejovice.cz\\\/#\\\/schema\\\/person\\\/73ce82a51d797792f4b764f91f04660e\"},\"headline\":\"Pozv\u00e1nka na listopadov\u00e9 akce\",\"datePublished\":\"2025-11-14T17:47:00+00:00\",\"dateModified\":\"2025-11-18T12:01:12+00:00\",\"mainEntityOfPage\":{\"@id\":\"https:\\\/\\\/www.tvrzmladejovice.cz\\\/index.php\\\/2025\\\/11\\\/14\\\/pozvanka-na-listopadove-akce\\\/\"},\"wordCount\":31,\"publisher\":{\"@id\":\"https:\\\/\\\/www.tvrzmladejovice.cz\\\/#organization\"},\"image\":{\"@id\":\"https:\\\/\\\/www.tvrzmladejovice.cz\\\/index.php\\\/2025\\\/11\\\/14\\\/pozvanka-na-listopadove-akce\\\/#primaryimage\"},\"thumbnailUrl\":\"https:\\\/\\\/www.tvrzmladejovice.cz\\\/wp-content\\\/uploads\\\/2025\\\/11\\\/svatomartin-2025.png\",\"articleSection\":[\"Akce\"],\"inLanguage\":\"cs\"},{\"@type\":\"WebPage\",\"@id\":\"https:\\\/\\\/www.tvrzmladejovice.cz\\\/index.php\\\/2025\\\/11\\\/14\\\/pozvanka-na-listopadove-akce\\\/\",\"url\":\"https:\\\/\\\/www.tvrzmladejovice.cz\\\/index.php\\\/2025\\\/11\\\/14\\\/pozvanka-na-listopadove-akce\\\/\",\"name\":\"Pozv\u00e1nka na listopadov\u00e9 akce - Mlad\u011bjovice Mansion\",\"isPartOf\":{\"@id\":\"https:\\\/\\\/www.tvrzmladejovice.cz\\\/#website\"},\"primaryImageOfPage\":{\"@id\":\"https:\\\/\\\/www.tvrzmladejovice.cz\\\/index.php\\\/2025\\\/11\\\/14\\\/pozvanka-na-listopadove-akce\\\/#primaryimage\"},\"image\":{\"@id\":\"https:\\\/\\\/www.tvrzmladejovice.cz\\\/index.php\\\/2025\\\/11\\\/14\\\/pozvanka-na-listopadove-akce\\\/#primaryimage\"},\"thumbnailUrl\":\"https:\\\/\\\/www.tvrzmladejovice.cz\\\/wp-content\\\/uploads\\\/2025\\\/11\\\/svatomartin-2025.png\",\"datePublished\":\"2025-11-14T17:47:00+00:00\",\"dateModified\":\"2025-11-18T12:01:12+00:00\",\"breadcrumb\":{\"@id\":\"https:\\\/\\\/www.tvrzmladejovice.cz\\\/index.php\\\/2025\\\/11\\\/14\\\/pozvanka-na-listopadove-akce\\\/#breadcrumb\"},\"inLanguage\":\"cs\",\"potentialAction\":[{\"@type\":\"ReadAction\",\"target\":[\"https:\\\/\\\/www.tvrzmladejovice.cz\\\/index.php\\\/2025\\\/11\\\/14\\\/pozvanka-na-listopadove-akce\\\/\"]}]},{\"@type\":\"ImageObject\",\"inLanguage\":\"cs\",\"@id\":\"https:\\\/\\\/www.tvrzmladejovice.cz\\\/index.php\\\/2025\\\/11\\\/14\\\/pozvanka-na-listopadove-akce\\\/#primaryimage\",\"url\":\"https:\\\/\\\/www.tvrzmladejovice.cz\\\/wp-content\\\/uploads\\\/2025\\\/11\\\/svatomartin-2025.png\",\"contentUrl\":\"https:\\\/\\\/www.tvrzmladejovice.cz\\\/wp-content\\\/uploads\\\/2025\\\/11\\\/svatomartin-2025.png\",\"width\":1536,\"height\":1024},{\"@type\":\"BreadcrumbList\",\"@id\":\"https:\\\/\\\/www.tvrzmladejovice.cz\\\/index.php\\\/2025\\\/11\\\/14\\\/pozvanka-na-listopadove-akce\\\/#breadcrumb\",\"itemListElement\":[{\"@type\":\"ListItem\",\"position\":1,\"name\":\"Dom\u016f\",\"item\":\"https:\\\/\\\/www.tvrzmladejovice.cz\\\/\"},{\"@type\":\"ListItem\",\"position\":2,\"name\":\"Pozv\u00e1nka na listopadov\u00e9 akce\"}]},{\"@type\":\"WebSite\",\"@id\":\"https:\\\/\\\/www.tvrzmladejovice.cz\\\/#website\",\"url\":\"https:\\\/\\\/www.tvrzmladejovice.cz\\\/\",\"name\":\"Mlad\u011bjovice Mansion\",\"description\":\"Historie a sou\u010dasnost pozdn\u011b gotick\u00e9ho s\u00eddla\",\"publisher\":{\"@id\":\"https:\\\/\\\/www.tvrzmladejovice.cz\\\/#organization\"},\"potentialAction\":[{\"@type\":\"SearchAction\",\"target\":{\"@type\":\"EntryPoint\",\"urlTemplate\":\"https:\\\/\\\/www.tvrzmladejovice.cz\\\/?s={search_term_string}\"},\"query-input\":{\"@type\":\"PropertyValueSpecification\",\"valueRequired\":true,\"valueName\":\"search_term_string\"}}],\"inLanguage\":\"cs\"},{\"@type\":\"Organization\",\"@id\":\"https:\\\/\\\/www.tvrzmladejovice.cz\\\/#organization\",\"name\":\"Mlad\u011bjovice Mansion\",\"url\":\"https:\\\/\\\/www.tvrzmladejovice.cz\\\/\",\"logo\":{\"@type\":\"ImageObject\",\"inLanguage\":\"cs\",\"@id\":\"https:\\\/\\\/www.tvrzmladejovice.cz\\\/#\\\/schema\\\/logo\\\/image\\\/\",\"url\":\"https:\\\/\\\/www.tvrzmladejovice.cz\\\/wp-content\\\/uploads\\\/2023\\\/04\\\/znak_barva.png\",\"contentUrl\":\"https:\\\/\\\/www.tvrzmladejovice.cz\\\/wp-content\\\/uploads\\\/2023\\\/04\\\/znak_barva.png\",\"width\":1257,\"height\":1635,\"caption\":\"Mlad\u011bjovice Mansion\"},\"image\":{\"@id\":\"https:\\\/\\\/www.tvrzmladejovice.cz\\\/#\\\/schema\\\/logo\\\/image\\\/\"}},{\"@type\":\"Person\",\"@id\":\"https:\\\/\\\/www.tvrzmladejovice.cz\\\/#\\\/schema\\\/person\\\/73ce82a51d797792f4b764f91f04660e\",\"name\":\"Michal Hradeck\u00fd\",\"image\":{\"@type\":\"ImageObject\",\"inLanguage\":\"cs\",\"@id\":\"https:\\\/\\\/secure.gravatar.com\\\/avatar\\\/94aedd169f1db9420f2c3f06c0b78fa03472dea2260a5bb9092c466dc8418b83?s=96&d=mm&r=g\",\"url\":\"https:\\\/\\\/secure.gravatar.com\\\/avatar\\\/94aedd169f1db9420f2c3f06c0b78fa03472dea2260a5bb9092c466dc8418b83?s=96&d=mm&r=g\",\"contentUrl\":\"https:\\\/\\\/secure.gravatar.com\\\/avatar\\\/94aedd169f1db9420f2c3f06c0b78fa03472dea2260a5bb9092c466dc8418b83?s=96&d=mm&r=g\",\"caption\":\"Michal Hradeck\u00fd\"},\"url\":\"https:\\\/\\\/www.tvrzmladejovice.cz\\\/index.php\\\/author\\\/misak\\\/\"}]}<\/script>\n<!-- \/ Yoast SEO plugin. -->","yoast_head_json":{"title":"Pozv\u00e1nka na listopadov\u00e9 akce - Mlad\u011bjovice Mansion","robots":{"index":"index","follow":"follow","max-snippet":"max-snippet:-1","max-image-preview":"max-image-preview:large","max-video-preview":"max-video-preview:-1"},"canonical":"https:\/\/www.tvrzmladejovice.cz\/index.php\/2025\/11\/14\/pozvanka-na-listopadove-akce\/","og_locale":"cs_CZ","og_type":"article","og_title":"Pozv\u00e1nka na listopadov\u00e9 akce - Mlad\u011bjovice Mansion","og_description":"V\u0161echny srde\u010dn\u011b zveme na nejbli\u017e\u0161\u00ed, ji\u017e tradi\u010dn\u00ed sobotn\u00ed akce. Poj\u010fte s n\u00e1mi na lampionov\u00fd pr\u016fvod 16. 11. 2025 nebo zdobit adventn\u00ed v\u011bnce 22. 11. 2025","og_url":"https:\/\/www.tvrzmladejovice.cz\/index.php\/2025\/11\/14\/pozvanka-na-listopadove-akce\/","og_site_name":"Mlad\u011bjovice Mansion","article_published_time":"2025-11-14T17:47:00+00:00","article_modified_time":"2025-11-18T12:01:12+00:00","og_image":[{"width":1024,"height":683,"url":"https:\/\/www.tvrzmladejovice.cz\/wp-content\/uploads\/2025\/11\/svatomartin-2025-1024x683.png","type":"image\/png"}],"author":"Michal Hradeck\u00fd","twitter_card":"summary_large_image","twitter_misc":{"Napsal(a)":"Michal Hradeck\u00fd"},"schema":{"@context":"https:\/\/schema.org","@graph":[{"@type":"Article","@id":"https:\/\/www.tvrzmladejovice.cz\/index.php\/2025\/11\/14\/pozvanka-na-listopadove-akce\/#article","isPartOf":{"@id":"https:\/\/www.tvrzmladejovice.cz\/index.php\/2025\/11\/14\/pozvanka-na-listopadove-akce\/"},"author":{"name":"Michal Hradeck\u00fd","@id":"https:\/\/www.tvrzmladejovice.cz\/#\/schema\/person\/73ce82a51d797792f4b764f91f04660e"},"headline":"Pozv\u00e1nka na listopadov\u00e9 akce","datePublished":"2025-11-14T17:47:00+00:00","dateModified":"2025-11-18T12:01:12+00:00","mainEntityOfPage":{"@id":"https:\/\/www.tvrzmladejovice.cz\/index.php\/2025\/11\/14\/pozvanka-na-listopadove-akce\/"},"wordCount":31,"publisher":{"@id":"https:\/\/www.tvrzmladejovice.cz\/#organization"},"image":{"@id":"https:\/\/www.tvrzmladejovice.cz\/index.php\/2025\/11\/14\/pozvanka-na-listopadove-akce\/#primaryimage"},"thumbnailUrl":"https:\/\/www.tvrzmladejovice.cz\/wp-content\/uploads\/2025\/11\/svatomartin-2025.png","articleSection":["Akce"],"inLanguage":"cs"},{"@type":"WebPage","@id":"https:\/\/www.tvrzmladejovice.cz\/index.php\/2025\/11\/14\/pozvanka-na-listopadove-akce\/","url":"https:\/\/www.tvrzmladejovice.cz\/index.php\/2025\/11\/14\/pozvanka-na-listopadove-akce\/","name":"Pozv\u00e1nka na listopadov\u00e9 akce - Mlad\u011bjovice Mansion","isPartOf":{"@id":"https:\/\/www.tvrzmladejovice.cz\/#website"},"primaryImageOfPage":{"@id":"https:\/\/www.tvrzmladejovice.cz\/index.php\/2025\/11\/14\/pozvanka-na-listopadove-akce\/#primaryimage"},"image":{"@id":"https:\/\/www.tvrzmladejovice.cz\/index.php\/2025\/11\/14\/pozvanka-na-listopadove-akce\/#primaryimage"},"thumbnailUrl":"https:\/\/www.tvrzmladejovice.cz\/wp-content\/uploads\/2025\/11\/svatomartin-2025.png","datePublished":"2025-11-14T17:47:00+00:00","dateModified":"2025-11-18T12:01:12+00:00","breadcrumb":{"@id":"https:\/\/www.tvrzmladejovice.cz\/index.php\/2025\/11\/14\/pozvanka-na-listopadove-akce\/#breadcrumb"},"inLanguage":"cs","potentialAction":[{"@type":"ReadAction","target":["https:\/\/www.tvrzmladejovice.cz\/index.php\/2025\/11\/14\/pozvanka-na-listopadove-akce\/"]}]},{"@type":"ImageObject","inLanguage":"cs","@id":"https:\/\/www.tvrzmladejovice.cz\/index.php\/2025\/11\/14\/pozvanka-na-listopadove-akce\/#primaryimage","url":"https:\/\/www.tvrzmladejovice.cz\/wp-content\/uploads\/2025\/11\/svatomartin-2025.png","contentUrl":"https:\/\/www.tvrzmladejovice.cz\/wp-content\/uploads\/2025\/11\/svatomartin-2025.png","width":1536,"height":1024},{"@type":"BreadcrumbList","@id":"https:\/\/www.tvrzmladejovice.cz\/index.php\/2025\/11\/14\/pozvanka-na-listopadove-akce\/#breadcrumb","itemListElement":[{"@type":"ListItem","position":1,"name":"Dom\u016f","item":"https:\/\/www.tvrzmladejovice.cz\/"},{"@type":"ListItem","position":2,"name":"Pozv\u00e1nka na listopadov\u00e9 akce"}]},{"@type":"WebSite","@id":"https:\/\/www.tvrzmladejovice.cz\/#website","url":"https:\/\/www.tvrzmladejovice.cz\/","name":"Mlad\u011bjovice Mansion","description":"Historie a sou\u010dasnost pozdn\u011b gotick\u00e9ho s\u00eddla","publisher":{"@id":"https:\/\/www.tvrzmladejovice.cz\/#organization"},"potentialAction":[{"@type":"SearchAction","target":{"@type":"EntryPoint","urlTemplate":"https:\/\/www.tvrzmladejovice.cz\/?s={search_term_string}"},"query-input":{"@type":"PropertyValueSpecification","valueRequired":true,"valueName":"search_term_string"}}],"inLanguage":"cs"},{"@type":"Organization","@id":"https:\/\/www.tvrzmladejovice.cz\/#organization","name":"Mlad\u011bjovice Mansion","url":"https:\/\/www.tvrzmladejovice.cz\/","logo":{"@type":"ImageObject","inLanguage":"cs","@id":"https:\/\/www.tvrzmladejovice.cz\/#\/schema\/logo\/image\/","url":"https:\/\/www.tvrzmladejovice.cz\/wp-content\/uploads\/2023\/04\/znak_barva.png","contentUrl":"https:\/\/www.tvrzmladejovice.cz\/wp-content\/uploads\/2023\/04\/znak_barva.png","width":1257,"height":1635,"caption":"Mlad\u011bjovice Mansion"},"image":{"@id":"https:\/\/www.tvrzmladejovice.cz\/#\/schema\/logo\/image\/"}},{"@type":"Person","@id":"https:\/\/www.tvrzmladejovice.cz\/#\/schema\/person\/73ce82a51d797792f4b764f91f04660e","name":"Michal Hradeck\u00fd","image":{"@type":"ImageObject","inLanguage":"cs","@id":"https:\/\/secure.gravatar.com\/avatar\/94aedd169f1db9420f2c3f06c0b78fa03472dea2260a5bb9092c466dc8418b83?s=96&d=mm&r=g","url":"https:\/\/secure.gravatar.com\/avatar\/94aedd169f1db9420f2c3f06c0b78fa03472dea2260a5bb9092c466dc8418b83?s=96&d=mm&r=g","contentUrl":"https:\/\/secure.gravatar.com\/avatar\/94aedd169f1db9420f2c3f06c0b78fa03472dea2260a5bb9092c466dc8418b83?s=96&d=mm&r=g","caption":"Michal Hradeck\u00fd"},"url":"https:\/\/www.tvrzmladejovice.cz\/index.php\/author\/misak\/"}]}},"_links":{"self":[{"href":"https:\/\/www.tvrzmladejovice.cz\/index.php\/wp-json\/wp\/v2\/posts\/4937","targetHints":{"allow":["GET"]}}],"collection":[{"href":"https:\/\/www.tvrzmladejovice.cz\/index.php\/wp-json\/wp\/v2\/posts"}],"about":[{"href":"https:\/\/www.tvrzmladejovice.cz\/index.php\/wp-json\/wp\/v2\/types\/post"}],"author":[{"embeddable":true,"href":"https:\/\/www.tvrzmladejovice.cz\/index.php\/wp-json\/wp\/v2\/users\/2"}],"replies":[{"embeddable":true,"href":"https:\/\/www.tvrzmladejovice.cz\/index.php\/wp-json\/wp\/v2\/comments?post=4937"}],"version-history":[{"count":1,"href":"https:\/\/www.tvrzmladejovice.cz\/index.php\/wp-json\/wp\/v2\/posts\/4937\/revisions"}],"predecessor-version":[{"id":4941,"href":"https:\/\/www.tvrzmladejovice.cz\/index.php\/wp-json\/wp\/v2\/posts\/4937\/revisions\/4941"}],"wp:featuredmedia":[{"embeddable":true,"href":"https:\/\/www.tvrzmladejovice.cz\/index.php\/wp-json\/wp\/v2\/media\/4942"}],"wp:attachment":[{"href":"https:\/\/www.tvrzmladejovice.cz\/index.php\/wp-json\/wp\/v2\/media?parent=4937"}],"wp:term":[{"taxonomy":"category","embeddable":true,"href":"https:\/\/www.tvrzmladejovice.cz\/index.php\/wp-json\/wp\/v2\/categories?post=4937"},{"taxonomy":"post_tag","embeddable":true,"href":"https:\/\/www.tvrzmladejovice.cz\/index.php\/wp-json\/wp\/v2\/tags?post=4937"}],"curies":[{"name":"wp","href":"https:\/\/api.w.org\/{rel}","templated":true}]}}