{"id":955,"date":"2022-05-20T08:48:44","date_gmt":"2022-05-20T08:48:44","guid":{"rendered":"https:\/\/www.tvrzmladejovice.cz\/?p=955"},"modified":"2022-07-19T12:21:13","modified_gmt":"2022-07-19T12:21:13","slug":"jarni-davka-novinek-z-mladejovic","status":"publish","type":"post","link":"https:\/\/www.tvrzmladejovice.cz\/index.php\/2022\/05\/20\/jarni-davka-novinek-z-mladejovic\/","title":{"rendered":"Jarn\u00ed d\u00e1vka novinek z Mlad\u011bjovic"},"content":{"rendered":"\n<p>Dovolte abychom V\u00e1s obrazov\u011b sezn\u00e1mili s aktu\u00e1ln\u00edmi kv\u011btnov\u00fdmi novinkami a jarn\u00edm \u017eivotem na Tvrzi.<\/p>\n\n\n\n<h2 class=\"wp-block-heading\">V\u010delky<\/h2>\n\n\n\n<p>Na\u0161e v\u010delky se rozhodly umo\u0159it hospod\u00e1\u0159e. On sice po\u010d\u00edtal s t\u00edm, \u017ee jim d\u00e1 na \u00faly nov\u00fdch 5 n\u00e1stavk\u016f, aby se m\u011bly kam roz\u0161\u00ed\u0159it, jen\u017ee ony usoudily \u017ee pot\u0159ebuj\u00ed b\u011bhem dvou dn\u016f zaplnit n\u00e1stavk\u016f 18.<\/p>\n\n\n\n<p>Byly z toho dva nepl\u00e1novan\u00e9 dny pr\u00e1ce, b\u011bhem kter\u00fdch Bernard stloukal, vydr\u00e1tkoval a vyvoskoval 250 r\u00e1mk\u016f a k tomu n\u00e1stavky.<\/p>\n\n\n\n<p>Ale kdy\u017e jsou v\u010dely spokojen\u00e9, jsou na tvrzi spokojen\u00ed i v\u0161ichni ostatn\u00ed.<\/p>\n\n\n\n\n\n<figure class=\"wp-block-video\"><video height=\"1080\" style=\"aspect-ratio: 1920 \/ 1080;\" width=\"1920\" controls src=\"https:\/\/www.tvrzmladejovice.cz\/wp-content\/uploads\/2022\/05\/VID_20220429_143234.mp4\"><\/video><figcaption>U\u017e to l\u00edt\u00e1<\/figcaption><\/figure>\n\n\n\n<h2 class=\"wp-block-heading\">Rybn\u00ed\u010dky s \u017eabkami<\/h2>\n\n\n\n<p>Co by to bylo za hospod\u00e1\u0159stv\u00ed bez rybn\u00ed\u010dku, sk\u0159ehot\u00e1n\u00ed a pant\u00e1ty s fajfkou v hub\u011b sed\u00edc\u00edho na hr\u00e1zi&#8230; no dobr\u00e1 na to posledn\u00ed z\u0159ejm\u011b nedojde.<\/p>\n\n\n\n<p>Ale horn\u00ed rybn\u00ed\u010dek dost\u00e1v\u00e1 nov\u00fd po\u017eer\u00e1k a horn\u00ed rybn\u00ed\u010dek m\u00e1 nov\u00fd odtok do doln\u00edho. Tak\u017ee \u017e\u00e1by se mohou hlasit\u011b p\u0159ipravovat na roz\u0161\u00ed\u0159en\u00ed niky.<\/p>\n\n\n\n\n\n<figure class=\"wp-block-video\"><video height=\"1080\" style=\"aspect-ratio: 1920 \/ 1080;\" width=\"1920\" controls src=\"https:\/\/www.tvrzmladejovice.cz\/wp-content\/uploads\/2022\/05\/VID_20220512_150005.mp4\"><\/video><\/figure>\n\n\n\n<h2 class=\"wp-block-heading\">Zahr\u00e1dka<\/h2>\n\n\n\n<p>Jak prav\u00ed o vztahu k zahrad\u011b Karel \u010capek &#8222;Tv\u016fj pom\u011br k v\u011bcem se zm\u011bnil. Pr\u0161\u00ed-li, prav\u00ed\u0161, \u017ee pr\u0161\u00ed na zahr\u00e1dku; sv\u00edt\u00ed-li slunce, nesv\u00edt\u00ed jen tak, n\u00fdbr\u017e sv\u00edt\u00ed na zahr\u00e1dku; je-li noc, libuje\u0161 si, \u017ee si zahr\u00e1dka odpo\u010dine&#8220;.<\/p>\n\n\n\n<p>Tedy k na\u0161\u00ed zahrad\u011b na ja\u0159e:<\/p>\n\n\n","protected":false},"excerpt":{"rendered":"<p>Dovolte abychom V\u00e1s obrazov\u011b sezn\u00e1mili s aktu\u00e1ln\u00edmi kv\u011btnov\u00fdmi novinkami a jarn\u00edm \u017eivotem na Tvrzi. V\u010delky Na\u0161e v\u010delky se rozhodly umo\u0159it hospod\u00e1\u0159e. On sice po\u010d\u00edtal s t\u00edm, \u017ee jim d\u00e1 na \u00faly nov\u00fdch 5 n\u00e1stavk\u016f, aby se m\u011bly kam roz\u0161\u00ed\u0159it, jen\u017ee ony usoudily \u017ee pot\u0159ebuj\u00ed b\u011bhem dvou dn\u016f zaplnit n\u00e1stavk\u016f 18. Byly z toho dva nepl\u00e1novan\u00e9 [&hellip;]<\/p>\n","protected":false},"author":2,"featured_media":958,"comment_status":"closed","ping_status":"open","sticky":false,"template":"","format":"standard","meta":{"iawp_total_views":1,"footnotes":""},"categories":[66],"tags":[],"class_list":["post-955","post","type-post","status-publish","format-standard","has-post-thumbnail","hentry","category-aktuality-cs"],"yoast_head":"<!-- This site is optimized with the Yoast SEO plugin v27.5 - https:\/\/yoast.com\/product\/yoast-seo-wordpress\/ -->\n<title>Jarn\u00ed d\u00e1vka novinek z Mlad\u011bjovic - Mlad\u011bjovice Mansion<\/title>\n<meta name=\"description\" content=\"Na ja\u0159e n\u00e1m to roste, kv\u00e1k\u00e1 a v neposledn\u00ed \u0159ad\u011b bzu\u010d\u00ed...\" \/>\n<meta name=\"robots\" content=\"index, follow, max-snippet:-1, max-image-preview:large, max-video-preview:-1\" \/>\n<link rel=\"canonical\" href=\"https:\/\/www.tvrzmladejovice.cz\/index.php\/2022\/05\/20\/jarni-davka-novinek-z-mladejovic\/\" \/>\n<meta property=\"og:locale\" content=\"cs_CZ\" \/>\n<meta property=\"og:type\" content=\"article\" \/>\n<meta property=\"og:title\" content=\"Jarn\u00ed d\u00e1vka novinek z Mlad\u011bjovic - Mlad\u011bjovice Mansion\" \/>\n<meta property=\"og:description\" content=\"Na ja\u0159e n\u00e1m to roste, kv\u00e1k\u00e1 a v neposledn\u00ed \u0159ad\u011b bzu\u010d\u00ed...\" \/>\n<meta property=\"og:url\" content=\"https:\/\/www.tvrzmladejovice.cz\/index.php\/2022\/05\/20\/jarni-davka-novinek-z-mladejovic\/\" \/>\n<meta property=\"og:site_name\" content=\"Mlad\u011bjovice Mansion\" \/>\n<meta property=\"article:published_time\" content=\"2022-05-20T08:48:44+00:00\" \/>\n<meta property=\"article:modified_time\" content=\"2022-07-19T12:21:13+00:00\" \/>\n<meta property=\"og:image\" content=\"https:\/\/www.tvrzmladejovice.cz\/wp-content\/uploads\/2022\/05\/035.jpg\" \/>\n\t<meta property=\"og:image:width\" content=\"1920\" \/>\n\t<meta property=\"og:image:height\" content=\"1280\" \/>\n\t<meta property=\"og:image:type\" content=\"image\/jpeg\" \/>\n<meta name=\"author\" content=\"Michal Hradeck\u00fd\" \/>\n<meta name=\"twitter:card\" content=\"summary_large_image\" \/>\n<meta name=\"twitter:label1\" content=\"Napsal(a)\" \/>\n\t<meta name=\"twitter:data1\" content=\"Michal Hradeck\u00fd\" \/>\n\t<meta name=\"twitter:label2\" content=\"Odhadovan\u00e1 doba \u010dten\u00ed\" \/>\n\t<meta name=\"twitter:data2\" content=\"1 minuta\" \/>\n<script type=\"application\/ld+json\" class=\"yoast-schema-graph\">{\"@context\":\"https:\\\/\\\/schema.org\",\"@graph\":[{\"@type\":\"Article\",\"@id\":\"https:\\\/\\\/www.tvrzmladejovice.cz\\\/index.php\\\/2022\\\/05\\\/20\\\/jarni-davka-novinek-z-mladejovic\\\/#article\",\"isPartOf\":{\"@id\":\"https:\\\/\\\/www.tvrzmladejovice.cz\\\/index.php\\\/2022\\\/05\\\/20\\\/jarni-davka-novinek-z-mladejovic\\\/\"},\"author\":{\"name\":\"Michal Hradeck\u00fd\",\"@id\":\"https:\\\/\\\/www.tvrzmladejovice.cz\\\/#\\\/schema\\\/person\\\/73ce82a51d797792f4b764f91f04660e\"},\"headline\":\"Jarn\u00ed d\u00e1vka novinek z Mlad\u011bjovic\",\"datePublished\":\"2022-05-20T08:48:44+00:00\",\"dateModified\":\"2022-07-19T12:21:13+00:00\",\"mainEntityOfPage\":{\"@id\":\"https:\\\/\\\/www.tvrzmladejovice.cz\\\/index.php\\\/2022\\\/05\\\/20\\\/jarni-davka-novinek-z-mladejovic\\\/\"},\"wordCount\":251,\"publisher\":{\"@id\":\"https:\\\/\\\/www.tvrzmladejovice.cz\\\/#organization\"},\"image\":{\"@id\":\"https:\\\/\\\/www.tvrzmladejovice.cz\\\/index.php\\\/2022\\\/05\\\/20\\\/jarni-davka-novinek-z-mladejovic\\\/#primaryimage\"},\"thumbnailUrl\":\"https:\\\/\\\/www.tvrzmladejovice.cz\\\/wp-content\\\/uploads\\\/2022\\\/05\\\/035.jpg\",\"articleSection\":[\"Aktu\u00e1ln\u011b\"],\"inLanguage\":\"cs\"},{\"@type\":\"WebPage\",\"@id\":\"https:\\\/\\\/www.tvrzmladejovice.cz\\\/index.php\\\/2022\\\/05\\\/20\\\/jarni-davka-novinek-z-mladejovic\\\/\",\"url\":\"https:\\\/\\\/www.tvrzmladejovice.cz\\\/index.php\\\/2022\\\/05\\\/20\\\/jarni-davka-novinek-z-mladejovic\\\/\",\"name\":\"Jarn\u00ed d\u00e1vka novinek z Mlad\u011bjovic - Mlad\u011bjovice Mansion\",\"isPartOf\":{\"@id\":\"https:\\\/\\\/www.tvrzmladejovice.cz\\\/#website\"},\"primaryImageOfPage\":{\"@id\":\"https:\\\/\\\/www.tvrzmladejovice.cz\\\/index.php\\\/2022\\\/05\\\/20\\\/jarni-davka-novinek-z-mladejovic\\\/#primaryimage\"},\"image\":{\"@id\":\"https:\\\/\\\/www.tvrzmladejovice.cz\\\/index.php\\\/2022\\\/05\\\/20\\\/jarni-davka-novinek-z-mladejovic\\\/#primaryimage\"},\"thumbnailUrl\":\"https:\\\/\\\/www.tvrzmladejovice.cz\\\/wp-content\\\/uploads\\\/2022\\\/05\\\/035.jpg\",\"datePublished\":\"2022-05-20T08:48:44+00:00\",\"dateModified\":\"2022-07-19T12:21:13+00:00\",\"description\":\"Na ja\u0159e n\u00e1m to roste, kv\u00e1k\u00e1 a v neposledn\u00ed \u0159ad\u011b bzu\u010d\u00ed...\",\"breadcrumb\":{\"@id\":\"https:\\\/\\\/www.tvrzmladejovice.cz\\\/index.php\\\/2022\\\/05\\\/20\\\/jarni-davka-novinek-z-mladejovic\\\/#breadcrumb\"},\"inLanguage\":\"cs\",\"potentialAction\":[{\"@type\":\"ReadAction\",\"target\":[\"https:\\\/\\\/www.tvrzmladejovice.cz\\\/index.php\\\/2022\\\/05\\\/20\\\/jarni-davka-novinek-z-mladejovic\\\/\"]}]},{\"@type\":\"ImageObject\",\"inLanguage\":\"cs\",\"@id\":\"https:\\\/\\\/www.tvrzmladejovice.cz\\\/index.php\\\/2022\\\/05\\\/20\\\/jarni-davka-novinek-z-mladejovic\\\/#primaryimage\",\"url\":\"https:\\\/\\\/www.tvrzmladejovice.cz\\\/wp-content\\\/uploads\\\/2022\\\/05\\\/035.jpg\",\"contentUrl\":\"https:\\\/\\\/www.tvrzmladejovice.cz\\\/wp-content\\\/uploads\\\/2022\\\/05\\\/035.jpg\",\"width\":1920,\"height\":1280},{\"@type\":\"BreadcrumbList\",\"@id\":\"https:\\\/\\\/www.tvrzmladejovice.cz\\\/index.php\\\/2022\\\/05\\\/20\\\/jarni-davka-novinek-z-mladejovic\\\/#breadcrumb\",\"itemListElement\":[{\"@type\":\"ListItem\",\"position\":1,\"name\":\"Dom\u016f\",\"item\":\"https:\\\/\\\/www.tvrzmladejovice.cz\\\/\"},{\"@type\":\"ListItem\",\"position\":2,\"name\":\"Jarn\u00ed d\u00e1vka novinek z Mlad\u011bjovic\"}]},{\"@type\":\"WebSite\",\"@id\":\"https:\\\/\\\/www.tvrzmladejovice.cz\\\/#website\",\"url\":\"https:\\\/\\\/www.tvrzmladejovice.cz\\\/\",\"name\":\"Mlad\u011bjovice Mansion\",\"description\":\"Historie a sou\u010dasnost pozdn\u011b gotick\u00e9ho s\u00eddla\",\"publisher\":{\"@id\":\"https:\\\/\\\/www.tvrzmladejovice.cz\\\/#organization\"},\"potentialAction\":[{\"@type\":\"SearchAction\",\"target\":{\"@type\":\"EntryPoint\",\"urlTemplate\":\"https:\\\/\\\/www.tvrzmladejovice.cz\\\/?s={search_term_string}\"},\"query-input\":{\"@type\":\"PropertyValueSpecification\",\"valueRequired\":true,\"valueName\":\"search_term_string\"}}],\"inLanguage\":\"cs\"},{\"@type\":\"Organization\",\"@id\":\"https:\\\/\\\/www.tvrzmladejovice.cz\\\/#organization\",\"name\":\"Mlad\u011bjovice Mansion\",\"url\":\"https:\\\/\\\/www.tvrzmladejovice.cz\\\/\",\"logo\":{\"@type\":\"ImageObject\",\"inLanguage\":\"cs\",\"@id\":\"https:\\\/\\\/www.tvrzmladejovice.cz\\\/#\\\/schema\\\/logo\\\/image\\\/\",\"url\":\"https:\\\/\\\/www.tvrzmladejovice.cz\\\/wp-content\\\/uploads\\\/2023\\\/04\\\/znak_barva.png\",\"contentUrl\":\"https:\\\/\\\/www.tvrzmladejovice.cz\\\/wp-content\\\/uploads\\\/2023\\\/04\\\/znak_barva.png\",\"width\":1257,\"height\":1635,\"caption\":\"Mlad\u011bjovice Mansion\"},\"image\":{\"@id\":\"https:\\\/\\\/www.tvrzmladejovice.cz\\\/#\\\/schema\\\/logo\\\/image\\\/\"}},{\"@type\":\"Person\",\"@id\":\"https:\\\/\\\/www.tvrzmladejovice.cz\\\/#\\\/schema\\\/person\\\/73ce82a51d797792f4b764f91f04660e\",\"name\":\"Michal Hradeck\u00fd\",\"image\":{\"@type\":\"ImageObject\",\"inLanguage\":\"cs\",\"@id\":\"https:\\\/\\\/secure.gravatar.com\\\/avatar\\\/94aedd169f1db9420f2c3f06c0b78fa03472dea2260a5bb9092c466dc8418b83?s=96&d=mm&r=g\",\"url\":\"https:\\\/\\\/secure.gravatar.com\\\/avatar\\\/94aedd169f1db9420f2c3f06c0b78fa03472dea2260a5bb9092c466dc8418b83?s=96&d=mm&r=g\",\"contentUrl\":\"https:\\\/\\\/secure.gravatar.com\\\/avatar\\\/94aedd169f1db9420f2c3f06c0b78fa03472dea2260a5bb9092c466dc8418b83?s=96&d=mm&r=g\",\"caption\":\"Michal Hradeck\u00fd\"},\"url\":\"https:\\\/\\\/www.tvrzmladejovice.cz\\\/index.php\\\/author\\\/misak\\\/\"}]}<\/script>\n<!-- \/ Yoast SEO plugin. -->","yoast_head_json":{"title":"Jarn\u00ed d\u00e1vka novinek z Mlad\u011bjovic - Mlad\u011bjovice Mansion","description":"Na ja\u0159e n\u00e1m to roste, kv\u00e1k\u00e1 a v neposledn\u00ed \u0159ad\u011b bzu\u010d\u00ed...","robots":{"index":"index","follow":"follow","max-snippet":"max-snippet:-1","max-image-preview":"max-image-preview:large","max-video-preview":"max-video-preview:-1"},"canonical":"https:\/\/www.tvrzmladejovice.cz\/index.php\/2022\/05\/20\/jarni-davka-novinek-z-mladejovic\/","og_locale":"cs_CZ","og_type":"article","og_title":"Jarn\u00ed d\u00e1vka novinek z Mlad\u011bjovic - Mlad\u011bjovice Mansion","og_description":"Na ja\u0159e n\u00e1m to roste, kv\u00e1k\u00e1 a v neposledn\u00ed \u0159ad\u011b bzu\u010d\u00ed...","og_url":"https:\/\/www.tvrzmladejovice.cz\/index.php\/2022\/05\/20\/jarni-davka-novinek-z-mladejovic\/","og_site_name":"Mlad\u011bjovice Mansion","article_published_time":"2022-05-20T08:48:44+00:00","article_modified_time":"2022-07-19T12:21:13+00:00","og_image":[{"width":1920,"height":1280,"url":"https:\/\/www.tvrzmladejovice.cz\/wp-content\/uploads\/2022\/05\/035.jpg","type":"image\/jpeg"}],"author":"Michal Hradeck\u00fd","twitter_card":"summary_large_image","twitter_misc":{"Napsal(a)":"Michal Hradeck\u00fd","Odhadovan\u00e1 doba \u010dten\u00ed":"1 minuta"},"schema":{"@context":"https:\/\/schema.org","@graph":[{"@type":"Article","@id":"https:\/\/www.tvrzmladejovice.cz\/index.php\/2022\/05\/20\/jarni-davka-novinek-z-mladejovic\/#article","isPartOf":{"@id":"https:\/\/www.tvrzmladejovice.cz\/index.php\/2022\/05\/20\/jarni-davka-novinek-z-mladejovic\/"},"author":{"name":"Michal Hradeck\u00fd","@id":"https:\/\/www.tvrzmladejovice.cz\/#\/schema\/person\/73ce82a51d797792f4b764f91f04660e"},"headline":"Jarn\u00ed d\u00e1vka novinek z Mlad\u011bjovic","datePublished":"2022-05-20T08:48:44+00:00","dateModified":"2022-07-19T12:21:13+00:00","mainEntityOfPage":{"@id":"https:\/\/www.tvrzmladejovice.cz\/index.php\/2022\/05\/20\/jarni-davka-novinek-z-mladejovic\/"},"wordCount":251,"publisher":{"@id":"https:\/\/www.tvrzmladejovice.cz\/#organization"},"image":{"@id":"https:\/\/www.tvrzmladejovice.cz\/index.php\/2022\/05\/20\/jarni-davka-novinek-z-mladejovic\/#primaryimage"},"thumbnailUrl":"https:\/\/www.tvrzmladejovice.cz\/wp-content\/uploads\/2022\/05\/035.jpg","articleSection":["Aktu\u00e1ln\u011b"],"inLanguage":"cs"},{"@type":"WebPage","@id":"https:\/\/www.tvrzmladejovice.cz\/index.php\/2022\/05\/20\/jarni-davka-novinek-z-mladejovic\/","url":"https:\/\/www.tvrzmladejovice.cz\/index.php\/2022\/05\/20\/jarni-davka-novinek-z-mladejovic\/","name":"Jarn\u00ed d\u00e1vka novinek z Mlad\u011bjovic - Mlad\u011bjovice Mansion","isPartOf":{"@id":"https:\/\/www.tvrzmladejovice.cz\/#website"},"primaryImageOfPage":{"@id":"https:\/\/www.tvrzmladejovice.cz\/index.php\/2022\/05\/20\/jarni-davka-novinek-z-mladejovic\/#primaryimage"},"image":{"@id":"https:\/\/www.tvrzmladejovice.cz\/index.php\/2022\/05\/20\/jarni-davka-novinek-z-mladejovic\/#primaryimage"},"thumbnailUrl":"https:\/\/www.tvrzmladejovice.cz\/wp-content\/uploads\/2022\/05\/035.jpg","datePublished":"2022-05-20T08:48:44+00:00","dateModified":"2022-07-19T12:21:13+00:00","description":"Na ja\u0159e n\u00e1m to roste, kv\u00e1k\u00e1 a v neposledn\u00ed \u0159ad\u011b bzu\u010d\u00ed...","breadcrumb":{"@id":"https:\/\/www.tvrzmladejovice.cz\/index.php\/2022\/05\/20\/jarni-davka-novinek-z-mladejovic\/#breadcrumb"},"inLanguage":"cs","potentialAction":[{"@type":"ReadAction","target":["https:\/\/www.tvrzmladejovice.cz\/index.php\/2022\/05\/20\/jarni-davka-novinek-z-mladejovic\/"]}]},{"@type":"ImageObject","inLanguage":"cs","@id":"https:\/\/www.tvrzmladejovice.cz\/index.php\/2022\/05\/20\/jarni-davka-novinek-z-mladejovic\/#primaryimage","url":"https:\/\/www.tvrzmladejovice.cz\/wp-content\/uploads\/2022\/05\/035.jpg","contentUrl":"https:\/\/www.tvrzmladejovice.cz\/wp-content\/uploads\/2022\/05\/035.jpg","width":1920,"height":1280},{"@type":"BreadcrumbList","@id":"https:\/\/www.tvrzmladejovice.cz\/index.php\/2022\/05\/20\/jarni-davka-novinek-z-mladejovic\/#breadcrumb","itemListElement":[{"@type":"ListItem","position":1,"name":"Dom\u016f","item":"https:\/\/www.tvrzmladejovice.cz\/"},{"@type":"ListItem","position":2,"name":"Jarn\u00ed d\u00e1vka novinek z Mlad\u011bjovic"}]},{"@type":"WebSite","@id":"https:\/\/www.tvrzmladejovice.cz\/#website","url":"https:\/\/www.tvrzmladejovice.cz\/","name":"Mlad\u011bjovice Mansion","description":"Historie a sou\u010dasnost pozdn\u011b gotick\u00e9ho s\u00eddla","publisher":{"@id":"https:\/\/www.tvrzmladejovice.cz\/#organization"},"potentialAction":[{"@type":"SearchAction","target":{"@type":"EntryPoint","urlTemplate":"https:\/\/www.tvrzmladejovice.cz\/?s={search_term_string}"},"query-input":{"@type":"PropertyValueSpecification","valueRequired":true,"valueName":"search_term_string"}}],"inLanguage":"cs"},{"@type":"Organization","@id":"https:\/\/www.tvrzmladejovice.cz\/#organization","name":"Mlad\u011bjovice Mansion","url":"https:\/\/www.tvrzmladejovice.cz\/","logo":{"@type":"ImageObject","inLanguage":"cs","@id":"https:\/\/www.tvrzmladejovice.cz\/#\/schema\/logo\/image\/","url":"https:\/\/www.tvrzmladejovice.cz\/wp-content\/uploads\/2023\/04\/znak_barva.png","contentUrl":"https:\/\/www.tvrzmladejovice.cz\/wp-content\/uploads\/2023\/04\/znak_barva.png","width":1257,"height":1635,"caption":"Mlad\u011bjovice Mansion"},"image":{"@id":"https:\/\/www.tvrzmladejovice.cz\/#\/schema\/logo\/image\/"}},{"@type":"Person","@id":"https:\/\/www.tvrzmladejovice.cz\/#\/schema\/person\/73ce82a51d797792f4b764f91f04660e","name":"Michal Hradeck\u00fd","image":{"@type":"ImageObject","inLanguage":"cs","@id":"https:\/\/secure.gravatar.com\/avatar\/94aedd169f1db9420f2c3f06c0b78fa03472dea2260a5bb9092c466dc8418b83?s=96&d=mm&r=g","url":"https:\/\/secure.gravatar.com\/avatar\/94aedd169f1db9420f2c3f06c0b78fa03472dea2260a5bb9092c466dc8418b83?s=96&d=mm&r=g","contentUrl":"https:\/\/secure.gravatar.com\/avatar\/94aedd169f1db9420f2c3f06c0b78fa03472dea2260a5bb9092c466dc8418b83?s=96&d=mm&r=g","caption":"Michal Hradeck\u00fd"},"url":"https:\/\/www.tvrzmladejovice.cz\/index.php\/author\/misak\/"}]}},"_links":{"self":[{"href":"https:\/\/www.tvrzmladejovice.cz\/index.php\/wp-json\/wp\/v2\/posts\/955","targetHints":{"allow":["GET"]}}],"collection":[{"href":"https:\/\/www.tvrzmladejovice.cz\/index.php\/wp-json\/wp\/v2\/posts"}],"about":[{"href":"https:\/\/www.tvrzmladejovice.cz\/index.php\/wp-json\/wp\/v2\/types\/post"}],"author":[{"embeddable":true,"href":"https:\/\/www.tvrzmladejovice.cz\/index.php\/wp-json\/wp\/v2\/users\/2"}],"replies":[{"embeddable":true,"href":"https:\/\/www.tvrzmladejovice.cz\/index.php\/wp-json\/wp\/v2\/comments?post=955"}],"version-history":[{"count":0,"href":"https:\/\/www.tvrzmladejovice.cz\/index.php\/wp-json\/wp\/v2\/posts\/955\/revisions"}],"wp:featuredmedia":[{"embeddable":true,"href":"https:\/\/www.tvrzmladejovice.cz\/index.php\/wp-json\/wp\/v2\/media\/958"}],"wp:attachment":[{"href":"https:\/\/www.tvrzmladejovice.cz\/index.php\/wp-json\/wp\/v2\/media?parent=955"}],"wp:term":[{"taxonomy":"category","embeddable":true,"href":"https:\/\/www.tvrzmladejovice.cz\/index.php\/wp-json\/wp\/v2\/categories?post=955"},{"taxonomy":"post_tag","embeddable":true,"href":"https:\/\/www.tvrzmladejovice.cz\/index.php\/wp-json\/wp\/v2\/tags?post=955"}],"curies":[{"name":"wp","href":"https:\/\/api.w.org\/{rel}","templated":true}]}}